{"id":92257,"date":"2026-03-06T12:14:48","date_gmt":"2026-03-06T09:14:48","guid":{"rendered":"https:\/\/www.egemtv.com\/?p=92257"},"modified":"2026-03-06T12:14:49","modified_gmt":"2026-03-06T09:14:49","slug":"hisarcikta-ogrenciler-kizilayin-yardim-kolilerini-ihtiyac-sahiplerine-ulastirdi","status":"publish","type":"post","link":"https:\/\/www.egemtv.com\/?p=92257","title":{"rendered":"Hisarc\u0131k\u2019ta \u00f6\u011frenciler K\u0131z\u0131lay\u2019\u0131n yard\u0131m kolilerini ihtiya\u00e7 sahiplerine ula\u015ft\u0131rd\u0131"},"content":{"rendered":"<p>K\u00fctahya\u2019n\u0131n Hisarc\u0131k il\u00e7esinde \u00f6\u011frenciler, Ramazan ay\u0131n\u0131n payla\u015fma ve dayan\u0131\u015fma ruhunu ya\u015fatan anlaml\u0131 bir etkinli\u011fe imza att\u0131.<br \/>\n<br \/>Hisarc\u0131k \u015eehit Y\u00fcksel Ar\u0131k Mesleki ve Teknik Anadolu Lisesi\u2019nde y\u00fcr\u00fct\u00fclen &#8220;Ben Her Yerde Var\u0131m&#8221; projesi kapsam\u0131nda, T\u00fcrk K\u0131z\u0131lay taraf\u0131ndan g\u00f6nderilen yard\u0131m kolileri ihtiya\u00e7 sahibi ailelere ula\u015ft\u0131r\u0131ld\u0131.<br \/>\n<br \/>Okulda ger\u00e7ekle\u015ftirilen etkinlikte yard\u0131m kolileri; K\u0131z\u0131lay Hisarc\u0131k Temsilcisi Mustafa \u015een, Din K\u00fclt\u00fcr\u00fc ve Ahlak Bilgisi \u00d6\u011fretmeni Ahmet Yeni, Matematik \u00d6\u011fretmeni Sevda Arslan ve \u00f6\u011frencilerin kat\u0131l\u0131m\u0131yla ihtiya\u00e7 sahibi ailelere teslim edildi.<br \/>\n<br \/>Projeyle \u00f6\u011frencilerin mesleklerini icra ederken ayn\u0131 zamanda i\u00e7inde bulunduklar\u0131 toplumun aktif bir par\u00e7as\u0131 olma bilinci kazanmalar\u0131 ama\u00e7lan\u0131yor. \u00d6\u011frenciler bu faaliyet sayesinde hem sosyal sorumluluk bilinci kazand\u0131 hem de Ramazan ay\u0131n\u0131n yard\u0131mla\u015fma ve payla\u015fma ruhunu ya\u015fayarak \u00f6\u011frenme f\u0131rsat\u0131 buldu.<br \/>\n<br \/>Hisarc\u0131k K\u0131z\u0131lay Temsilcisi Mustafa \u015een, &#8220;Ben Her Yerde Var\u0131m&#8221; projesi sayesinde \u00f6\u011frencilerle K\u0131z\u0131lay\u2019\u0131 bulu\u015fturma f\u0131rsat\u0131 yakalad\u0131klar\u0131n\u0131 belirterek, &#8220;Bu faaliyetle hem K\u0131z\u0131lay\u2019\u0131 tan\u0131tmay\u0131 hem de \u00f6\u011frencilerimizin yard\u0131mla\u015fma ve dayan\u0131\u015fma bilincini g\u00fc\u00e7lendirmeyi ama\u00e7lad\u0131k. \u00d6\u011frencilerimiz K\u0131z\u0131lay\u2019\u0131n yapt\u0131\u011f\u0131 \u00e7al\u0131\u015fmalar\u0131 yak\u0131ndan tan\u0131ma imk\u00e2n\u0131 buldu&#8221; dedi.<br \/><\/p>\n","protected":false},"excerpt":{"rendered":"<p>K\u00fctahya\u2019n\u0131n Hisarc\u0131k il\u00e7esinde \u00f6\u011frenciler, Ramazan ay\u0131n\u0131n payla\u015fma ve dayan\u0131\u015fma ruhunu ya\u015fatan anlaml\u0131 bir etkinli\u011fe imza att\u0131. Hisarc\u0131k \u015eehit Y\u00fcksel Ar\u0131k Mesleki ve Teknik Anadolu Lisesi\u2019nde y\u00fcr\u00fct\u00fclen &#8220;Ben Her Yerde Var\u0131m&#8221; projesi kapsam\u0131nda, T\u00fcrk K\u0131z\u0131lay taraf\u0131ndan g\u00f6nderilen yard\u0131m kolileri ihtiya\u00e7 sahibi ailelere ula\u015ft\u0131r\u0131ld\u0131. Okulda ger\u00e7ekle\u015ftirilen etkinlikte yard\u0131m kolileri; K\u0131z\u0131lay Hisarc\u0131k Temsilcisi Mustafa \u015een, Din K\u00fclt\u00fcr\u00fc ve&#8230;<\/p>\n","protected":false},"author":1,"featured_media":92258,"comment_status":"open","ping_status":"open","sticky":false,"template":"","format":"standard","meta":{"_crdt_document":"","footnotes":""},"categories":[123],"tags":[],"class_list":["post-92257","post","type-post","status-publish","format-standard","has-post-thumbnail","hentry","category-gundem"],"_links":{"self":[{"href":"https:\/\/www.egemtv.com\/index.php?rest_route=\/wp\/v2\/posts\/92257","targetHints":{"allow":["GET"]}}],"collection":[{"href":"https:\/\/www.egemtv.com\/index.php?rest_route=\/wp\/v2\/posts"}],"about":[{"href":"https:\/\/www.egemtv.com\/index.php?rest_route=\/wp\/v2\/types\/post"}],"author":[{"embeddable":true,"href":"https:\/\/www.egemtv.com\/index.php?rest_route=\/wp\/v2\/users\/1"}],"replies":[{"embeddable":true,"href":"https:\/\/www.egemtv.com\/index.php?rest_route=%2Fwp%2Fv2%2Fcomments&post=92257"}],"version-history":[{"count":1,"href":"https:\/\/www.egemtv.com\/index.php?rest_route=\/wp\/v2\/posts\/92257\/revisions"}],"predecessor-version":[{"id":92259,"href":"https:\/\/www.egemtv.com\/index.php?rest_route=\/wp\/v2\/posts\/92257\/revisions\/92259"}],"wp:featuredmedia":[{"embeddable":true,"href":"https:\/\/www.egemtv.com\/index.php?rest_route=\/wp\/v2\/media\/92258"}],"wp:attachment":[{"href":"https:\/\/www.egemtv.com\/index.php?rest_route=%2Fwp%2Fv2%2Fmedia&parent=92257"}],"wp:term":[{"taxonomy":"category","embeddable":true,"href":"https:\/\/www.egemtv.com\/index.php?rest_route=%2Fwp%2Fv2%2Fcategories&post=92257"},{"taxonomy":"post_tag","embeddable":true,"href":"https:\/\/www.egemtv.com\/index.php?rest_route=%2Fwp%2Fv2%2Ftags&post=92257"}],"curies":[{"name":"wp","href":"https:\/\/api.w.org\/{rel}","templated":true}]}}