{"id":92254,"date":"2026-03-06T12:14:47","date_gmt":"2026-03-06T09:14:47","guid":{"rendered":"https:\/\/www.egemtv.com\/?p=92254"},"modified":"2026-03-06T12:14:48","modified_gmt":"2026-03-06T09:14:48","slug":"izmirde-yasayan-karamancalilar-iftar-sofrasinda-bulustu","status":"publish","type":"post","link":"https:\/\/www.egemtv.com\/?p=92254","title":{"rendered":"\u0130zmir\u2019de ya\u015fayan Karamancal\u0131lar iftar sofras\u0131nda bulu\u015ftu"},"content":{"rendered":"<p>\u0130zmir\u2019de ya\u015fayan K\u00fctahya Karamancal\u0131lar, Ramazan ay\u0131n\u0131n manevi atmosferinde d\u00fczenlenen iftar program\u0131nda bir araya geldi. Karamancal\u0131lar Beldesi K\u00fclt\u00fcr ve Dayan\u0131\u015fma Derne\u011fi taraf\u0131ndan organize edilen program yo\u011fun kat\u0131l\u0131mla ger\u00e7ekle\u015ftirildi.<br \/>\n<br \/>P\u0131narba\u015f\u0131 P\u0131nar D\u00fc\u011f\u00fcn Salonu\u2019nda d\u00fczenlenen iftar program\u0131nda \u0130zmir ve \u00e7evre illerde ya\u015fayan binden fazla Karamancal\u0131 hem\u015fehri ayn\u0131 sofrada bulu\u015farak birlik ve beraberlik mesaj\u0131 verdi. Siyaset, b\u00fcrokrasi, sivil toplum ve bas\u0131n camias\u0131ndan \u00e7ok say\u0131da isim de programa kat\u0131ld\u0131.<br \/>\n<br \/>Program, Kur\u2019an-\u0131 Kerim tilavetiyle ba\u015flad\u0131. Ard\u0131ndan ger\u00e7ekle\u015ftirilen mehteran ve semazen g\u00f6sterileri, Ramazan\u2019\u0131n manevi atmosferini daha da g\u00fc\u00e7lendirdi. Gece boyunca birlik ve dayan\u0131\u015fma duygular\u0131 \u00f6n plana \u00e7\u0131karken, programa katk\u0131 sunan baz\u0131 davetlilere plaket takdim edildi. Etkinlik kapsam\u0131nda sporculara \u00f6d\u00fcller verilirken, \u00e7ocuklar i\u00e7in d\u00fczenlenen y\u00fcz boyama etkinli\u011fi ve balon da\u011f\u0131t\u0131m\u0131 da programa renk katt\u0131.<br \/>\n<br \/>Programda konu\u015fan Karamancal\u0131lar K\u00fclt\u00fcr ve Dayan\u0131\u015fma Derne\u011fi Ba\u015fkan\u0131 Ayhan Balkan, \u0130zmir\u2019de ya\u015fayan Karamancal\u0131lar\u0131n birlik ve dayan\u0131\u015fma ruhunun her ge\u00e7en g\u00fcn daha da g\u00fc\u00e7lendi\u011fini ifade etti. Balkan, Ramazan ay\u0131n\u0131n karde\u015flik ve payla\u015fma ay\u0131 oldu\u011funu vurgulayarak bu t\u00fcr organizasyonlar\u0131n hem\u015fehri ba\u011flar\u0131n\u0131 g\u00fc\u00e7lendirdi\u011fini belirtti.<br \/>\n<br \/>Samimi sohbetlerin yap\u0131ld\u0131\u011f\u0131 ve dayan\u0131\u015fma mesajlar\u0131n\u0131n verildi\u011fi iftar program\u0131, hat\u0131ra foto\u011fraflar\u0131n\u0131n \u00e7ekilmesiyle sona erdi. Dernek y\u00f6netimi, programa kat\u0131l\u0131m sa\u011flayan t\u00fcm davetlilere ve hem\u015fehrilerine te\u015fekk\u00fcr etti.<br \/>\n<br \/>\u0130ftar program\u0131na; AK Parti MKYK \u00dcyesi Hamza Da\u011f, MHP Milletvekili Tamer Osmana\u011fao\u011flu, \u0130l Y\u00f6netim Kurulu \u00dcyesi Koray Toprak, CHP Meclis \u00dcyesi Ercan Gen\u00e7, AK Parti Meclis \u00dcyesi Ramazan \u00d6zdemir, Do\u011fanlar Mahallesi Muhtar\u0131 Ey\u00fcp Kocatepe, Karamanca Muhtar\u0131 Adem Akg\u00fcn, Anahtar Parti \u0130l Ba\u015fkan\u0131 H\u00fcseyin \u00c7ak\u0131r, P\u0131narba\u015f\u0131 Esnaf ve Sanatk\u00e2rlar Odas\u0131 Ba\u015fkan\u0131 Cezmi G\u00fclhao\u011flu, Ege B\u00f6lgesi K\u00fctahyal\u0131lar Federasyonu Ba\u015fkan\u0131 Ufuk Aksoy, Dernekler Birli\u011fi Ba\u015fkan\u0131 Abdullah Alta\u015f, \u0130zmir\u2019den Murat Erta\u015f, Dumlup\u0131narl\u0131lar Dernek Ba\u015fkan\u0131 Adem U\u00e7ar, Suat Seren Hastanesi Destek Hizmetleri M\u00fcd\u00fcr Yard\u0131mc\u0131s\u0131 Zeynep \u00d6nkol, \u015eehir Hastanesi Teknik Hizmetler M\u00fcd\u00fcr\u00fc Zafer Karata\u015f, gazeteci Adil Aka, Simav End\u00fcstri Meslek Lisesi\u2019nden Hatice \u0130nan, Tarihi Cihan Mehter ekibi (Turgutlu), Dernekler Birli\u011fi Ba\u015fkan Yard\u0131mc\u0131s\u0131 S\u00fcleyman Teke ve Manisa \u0130l Milli E\u011fitim \u015eube M\u00fcd\u00fcr Yard\u0131mc\u0131s\u0131 Ali K\u00fc\u00e7\u00fck\u00e7ak\u0131r kat\u0131ld\u0131.<br \/><\/p>\n","protected":false},"excerpt":{"rendered":"<p>\u0130zmir\u2019de ya\u015fayan K\u00fctahya Karamancal\u0131lar, Ramazan ay\u0131n\u0131n manevi atmosferinde d\u00fczenlenen iftar program\u0131nda bir araya geldi. Karamancal\u0131lar Beldesi K\u00fclt\u00fcr ve Dayan\u0131\u015fma Derne\u011fi taraf\u0131ndan organize edilen program yo\u011fun kat\u0131l\u0131mla ger\u00e7ekle\u015ftirildi. P\u0131narba\u015f\u0131 P\u0131nar D\u00fc\u011f\u00fcn Salonu\u2019nda d\u00fczenlenen iftar program\u0131nda \u0130zmir ve \u00e7evre illerde ya\u015fayan binden fazla Karamancal\u0131 hem\u015fehri ayn\u0131 sofrada bulu\u015farak birlik ve beraberlik mesaj\u0131 verdi. Siyaset, b\u00fcrokrasi, sivil toplum&#8230;<\/p>\n","protected":false},"author":1,"featured_media":92255,"comment_status":"open","ping_status":"open","sticky":false,"template":"","format":"standard","meta":{"_crdt_document":"","footnotes":""},"categories":[123],"tags":[],"class_list":["post-92254","post","type-post","status-publish","format-standard","has-post-thumbnail","hentry","category-gundem"],"_links":{"self":[{"href":"https:\/\/www.egemtv.com\/index.php?rest_route=\/wp\/v2\/posts\/92254","targetHints":{"allow":["GET"]}}],"collection":[{"href":"https:\/\/www.egemtv.com\/index.php?rest_route=\/wp\/v2\/posts"}],"about":[{"href":"https:\/\/www.egemtv.com\/index.php?rest_route=\/wp\/v2\/types\/post"}],"author":[{"embeddable":true,"href":"https:\/\/www.egemtv.com\/index.php?rest_route=\/wp\/v2\/users\/1"}],"replies":[{"embeddable":true,"href":"https:\/\/www.egemtv.com\/index.php?rest_route=%2Fwp%2Fv2%2Fcomments&post=92254"}],"version-history":[{"count":1,"href":"https:\/\/www.egemtv.com\/index.php?rest_route=\/wp\/v2\/posts\/92254\/revisions"}],"predecessor-version":[{"id":92256,"href":"https:\/\/www.egemtv.com\/index.php?rest_route=\/wp\/v2\/posts\/92254\/revisions\/92256"}],"wp:featuredmedia":[{"embeddable":true,"href":"https:\/\/www.egemtv.com\/index.php?rest_route=\/wp\/v2\/media\/92255"}],"wp:attachment":[{"href":"https:\/\/www.egemtv.com\/index.php?rest_route=%2Fwp%2Fv2%2Fmedia&parent=92254"}],"wp:term":[{"taxonomy":"category","embeddable":true,"href":"https:\/\/www.egemtv.com\/index.php?rest_route=%2Fwp%2Fv2%2Fcategories&post=92254"},{"taxonomy":"post_tag","embeddable":true,"href":"https:\/\/www.egemtv.com\/index.php?rest_route=%2Fwp%2Fv2%2Ftags&post=92254"}],"curies":[{"name":"wp","href":"https:\/\/api.w.org\/{rel}","templated":true}]}}