{"id":92251,"date":"2026-03-06T12:14:46","date_gmt":"2026-03-06T09:14:46","guid":{"rendered":"https:\/\/www.egemtv.com\/?p=92251"},"modified":"2026-03-06T12:14:47","modified_gmt":"2026-03-06T09:14:47","slug":"korfbol-gencler-grup-musabakalari-tamamlandi","status":"publish","type":"post","link":"https:\/\/www.egemtv.com\/?p=92251","title":{"rendered":"Korfbol Gen\u00e7ler Grup M\u00fcsabakalar\u0131 tamamland\u0131"},"content":{"rendered":"<p>Afyonkarahisar\u2019da Okul Sporlar\u0131 faaliyet program\u0131 \u00e7er\u00e7evesinde \u00c7i\u011filtepe Spor Salonunda d\u00fczenlenen Korfbol Gen\u00e7ler Grup m\u00fcsabakalar\u0131 sona erdi.<br \/>\n<br \/>Kar\u015f\u0131la\u015fmalar sonucunda hem Antalya Er\u00fcnal S.B.L hem de \u0130zmir Atat\u00fcrk Lisesi birinci olarak, final m\u00fcsabakalar\u0131na kat\u0131lmaya hak kazand\u0131.<br \/>\n<br \/>Dereceye giren tak\u0131mlara kupa ve madalyalar\u0131 Afyonkarahisar Gen\u00e7lik ve Spor \u0130l M\u00fcd\u00fcrl\u00fc\u011f\u00fc Spor Hizmetleri M\u00fcd\u00fcr\u00fc Y\u0131lmaz Er\u015fen taraf\u0131ndan verildi.<br \/><\/p>\n","protected":false},"excerpt":{"rendered":"<p>Afyonkarahisar\u2019da Okul Sporlar\u0131 faaliyet program\u0131 \u00e7er\u00e7evesinde \u00c7i\u011filtepe Spor Salonunda d\u00fczenlenen Korfbol Gen\u00e7ler Grup m\u00fcsabakalar\u0131 sona erdi. Kar\u015f\u0131la\u015fmalar sonucunda hem Antalya Er\u00fcnal S.B.L hem de \u0130zmir Atat\u00fcrk Lisesi birinci olarak, final m\u00fcsabakalar\u0131na kat\u0131lmaya hak kazand\u0131. Dereceye giren tak\u0131mlara kupa ve madalyalar\u0131 Afyonkarahisar Gen\u00e7lik ve Spor \u0130l M\u00fcd\u00fcrl\u00fc\u011f\u00fc Spor Hizmetleri M\u00fcd\u00fcr\u00fc Y\u0131lmaz Er\u015fen taraf\u0131ndan verildi.<\/p>\n","protected":false},"author":1,"featured_media":92252,"comment_status":"open","ping_status":"open","sticky":false,"template":"","format":"standard","meta":{"_crdt_document":"","footnotes":""},"categories":[4],"tags":[],"class_list":["post-92251","post","type-post","status-publish","format-standard","has-post-thumbnail","hentry","category-spor"],"_links":{"self":[{"href":"https:\/\/www.egemtv.com\/index.php?rest_route=\/wp\/v2\/posts\/92251","targetHints":{"allow":["GET"]}}],"collection":[{"href":"https:\/\/www.egemtv.com\/index.php?rest_route=\/wp\/v2\/posts"}],"about":[{"href":"https:\/\/www.egemtv.com\/index.php?rest_route=\/wp\/v2\/types\/post"}],"author":[{"embeddable":true,"href":"https:\/\/www.egemtv.com\/index.php?rest_route=\/wp\/v2\/users\/1"}],"replies":[{"embeddable":true,"href":"https:\/\/www.egemtv.com\/index.php?rest_route=%2Fwp%2Fv2%2Fcomments&post=92251"}],"version-history":[{"count":1,"href":"https:\/\/www.egemtv.com\/index.php?rest_route=\/wp\/v2\/posts\/92251\/revisions"}],"predecessor-version":[{"id":92253,"href":"https:\/\/www.egemtv.com\/index.php?rest_route=\/wp\/v2\/posts\/92251\/revisions\/92253"}],"wp:featuredmedia":[{"embeddable":true,"href":"https:\/\/www.egemtv.com\/index.php?rest_route=\/wp\/v2\/media\/92252"}],"wp:attachment":[{"href":"https:\/\/www.egemtv.com\/index.php?rest_route=%2Fwp%2Fv2%2Fmedia&parent=92251"}],"wp:term":[{"taxonomy":"category","embeddable":true,"href":"https:\/\/www.egemtv.com\/index.php?rest_route=%2Fwp%2Fv2%2Fcategories&post=92251"},{"taxonomy":"post_tag","embeddable":true,"href":"https:\/\/www.egemtv.com\/index.php?rest_route=%2Fwp%2Fv2%2Ftags&post=92251"}],"curies":[{"name":"wp","href":"https:\/\/api.w.org\/{rel}","templated":true}]}}