{"id":92245,"date":"2026-03-06T12:14:44","date_gmt":"2026-03-06T09:14:44","guid":{"rendered":"https:\/\/www.egemtv.com\/?p=92245"},"modified":"2026-03-06T12:14:45","modified_gmt":"2026-03-06T09:14:45","slug":"zirvedeki-kadinlar-ilham-veren-hikayelerini-paylasti","status":"publish","type":"post","link":"https:\/\/www.egemtv.com\/?p=92245","title":{"rendered":"\u2019Zirvedeki kad\u0131nlar\u2019 ilham veren hikayelerini payla\u015ft\u0131"},"content":{"rendered":"<p>Radikal E\u011fitim Kurumlar\u0131 ev sahipli\u011finde d\u00fczenlenen, farkl\u0131 alanlarda de\u011fer \u00fcreten kad\u0131nlar\u0131n hikayelerini g\u00f6r\u00fcn\u00fcr k\u0131lmay\u0131 ama\u00e7layan &#8220;Zirvede Kad\u0131n Var&#8221; konferans\u0131nda 21 ba\u015far\u0131l\u0131 i\u015f kad\u0131n\u0131 deneyimlerini aktard\u0131.<br \/>\n<br \/>\u0130zmir Ticaret Odas\u0131 Konferans Salonu\u2019nda ger\u00e7ekle\u015ftirilen programa i\u015f, e\u011fitim ve sivil toplum kurulu\u015flar\u0131ndan \u00e7ok say\u0131da temsilci kat\u0131ld\u0131. Etkinlikte, s\u00fcrd\u00fcr\u00fclebilir bir gelecek i\u00e7in kad\u0131nlar\u0131n her alanda daha fazla yer almas\u0131 gerekti\u011fine dikkat \u00e7ekildi.<br \/>\n<br \/>\u0130lginin yo\u011fun oldu\u011fu program\u0131n a\u00e7\u0131l\u0131\u015f\u0131nda konu\u015fan Radikal E\u011fitim Kurumlar\u0131 Kurucusu Erdal Avc\u0131, kurulduklar\u0131 g\u00fcnden beri kad\u0131nlara pozitif ayr\u0131mc\u0131l\u0131k uygulayan ve kad\u0131n haklar\u0131na de\u011fer veren bir e\u011fitim kurumu olduklar\u0131n\u0131 s\u00f6yledi. Farkl\u0131 alanlarda ba\u015far\u0131ya ula\u015fm\u0131\u015f kad\u0131nlar\u0131n hikayelerinden ilham alacaklar\u0131n\u0131 belirten Avc\u0131, &#8220;Bu program\u0131 8 Mart D\u00fcnya Emek\u00e7i Kad\u0131nlar G\u00fcn\u00fc\u2019n\u00fcn bulundu\u011fu haftada \u00f6zellikle hayata ge\u00e7irdik. 8 Mart sadece bir kad\u0131nlar g\u00fcn\u00fc de\u011fil, ayn\u0131 zamanda kad\u0131nlar\u0131n \u00f6zg\u00fcrl\u00fc\u011f\u00fcn\u00fcn ve kad\u0131n m\u00fccadelesinin \u00e7ok \u00f6nemli bir bile\u015fenidir.&#8221; dedi.<\/p>\n<p>&#8220;Kad\u0131n haklar\u0131 konusunda bilin\u00e7li \u015fehir&#8221;<br \/>\n<br \/>\u0130zmir\u2019de b\u00f6ylesine anlaml\u0131 bir etkinli\u011fi d\u00fczenlemenin kendileri i\u00e7in b\u00fcy\u00fck bir mutluluk ve heyecan kayna\u011f\u0131 oldu\u011funu dile getiren Avc\u0131, &#8220;\u0130zmir, \u00f6zellikle kad\u0131n haklar\u0131 konusunda di\u011fer illere g\u00f6re daha bilin\u00e7li bir \u015fehrimiz. Bu etkinli\u011fi \u0130zmir\u2019de yapmak bizim i\u00e7in \u00e7ok keyifli. Bize bu olana\u011f\u0131 sa\u011flad\u0131\u011f\u0131 i\u00e7in Ticaret Odas\u0131\u2019na ve t\u00fcm kat\u0131l\u0131mc\u0131lara ayr\u0131 ayr\u0131 te\u015fekk\u00fcr ediyorum.&#8221; ifadelerini kulland\u0131.<\/p>\n<p>&#8220;\u00d6\u011frencilerin e\u011fitiminde velilerin \u00f6nemi&#8221;<br \/>\n<br \/>Radikal E\u011fitim Kurumlar\u0131 Okullar Genel M\u00fcd\u00fcr Yard\u0131mc\u0131s\u0131 Sevi \u015eeneken, kurumlar\u0131n\u0131n hayata ge\u00e7irdi\u011fi projelerle zirvede yer ald\u0131\u011f\u0131n\u0131 ve bu ba\u015far\u0131y\u0131 \u00f6\u011frencilerle yap\u0131lan \u00e7al\u0131\u015fmalara bor\u00e7lu olduklar\u0131n\u0131 kaydetti. Ar-Ge Gen\u00e7lik Birimi \u00e7at\u0131s\u0131 alt\u0131nda bir\u00e7ok projeye ev sahipli\u011fi yapt\u0131klar\u0131n\u0131 vurgulayan \u015eeneken, &#8220;Kad\u0131nlar ve bir\u00e7ok erkek m\u00fcttefikleri de s\u00fcrecimize dahil oldu. Bu \u00e7er\u00e7evede kad\u0131n e\u011fitimleri, \u00f6zellikle de velilerimizin e\u011fitimi bizim i\u00e7in \u00e7ok \u00f6nemliydi. \u00c7\u00fcnk\u00fc \u00e7ocuklar\u0131m\u0131z bu konudaki proje ve etkinliklerde yer al\u0131rken en b\u00fcy\u00fck destek\u00e7ileri her zaman veliler oluyor.&#8221; \u015feklinde konu\u015ftu.<\/p>\n<p>Zirvenin yedinci dura\u011f\u0131 \u0130zmir oldu<br \/>\n<br \/>Zirvede Kad\u0131n Var Platformu Kurucusu Seyhan Ko\u00e7ak ise T\u00fcrkiye\u2019nin ilk \u00e7ok disiplinli kad\u0131n zirvesinin yedinci dura\u011f\u0131n\u0131 \u0130zmir\u2019de d\u00fczenlediklerini belirterek, &#8220;23 Temmuz 2025 tarihinde Bursa\u2019da ba\u015flatt\u0131\u011f\u0131m zirvelerin Eski\u015fehir, Mu\u015f, Hakkari, Van ve Diyarbak\u0131r ayaklar\u0131ndan sonra bug\u00fcn \u0130zmir\u2019deyiz. Radikal Okullar\u0131n\u0131n i\u015f birli\u011fiyle \u0130zmir etab\u0131m\u0131z\u0131 ger\u00e7ekle\u015ftiriyoruz. Bu sahne \u00e7ok renkli ve \u00e7ok sesli bir sahne. Her alandan ve her sekt\u00f6rden hem kad\u0131n konu\u015fmac\u0131lar\u0131m\u0131z\u0131n hem de erkek m\u00fcttefiklerimizin yer ald\u0131\u011f\u0131 bir platform olu\u015fturuyor.&#8221; a\u00e7\u0131klamas\u0131nda bulundu.<br \/><\/p>\n","protected":false},"excerpt":{"rendered":"<p>Radikal E\u011fitim Kurumlar\u0131 ev sahipli\u011finde d\u00fczenlenen, farkl\u0131 alanlarda de\u011fer \u00fcreten kad\u0131nlar\u0131n hikayelerini g\u00f6r\u00fcn\u00fcr k\u0131lmay\u0131 ama\u00e7layan &#8220;Zirvede Kad\u0131n Var&#8221; konferans\u0131nda 21 ba\u015far\u0131l\u0131 i\u015f kad\u0131n\u0131 deneyimlerini aktard\u0131. \u0130zmir Ticaret Odas\u0131 Konferans Salonu\u2019nda ger\u00e7ekle\u015ftirilen programa i\u015f, e\u011fitim ve sivil toplum kurulu\u015flar\u0131ndan \u00e7ok say\u0131da temsilci kat\u0131ld\u0131. Etkinlikte, s\u00fcrd\u00fcr\u00fclebilir bir gelecek i\u00e7in kad\u0131nlar\u0131n her alanda daha fazla yer almas\u0131 gerekti\u011fine&#8230;<\/p>\n","protected":false},"author":1,"featured_media":92246,"comment_status":"open","ping_status":"open","sticky":false,"template":"","format":"standard","meta":{"_crdt_document":"","footnotes":""},"categories":[1],"tags":[],"class_list":["post-92245","post","type-post","status-publish","format-standard","has-post-thumbnail","hentry","category-guncel"],"_links":{"self":[{"href":"https:\/\/www.egemtv.com\/index.php?rest_route=\/wp\/v2\/posts\/92245","targetHints":{"allow":["GET"]}}],"collection":[{"href":"https:\/\/www.egemtv.com\/index.php?rest_route=\/wp\/v2\/posts"}],"about":[{"href":"https:\/\/www.egemtv.com\/index.php?rest_route=\/wp\/v2\/types\/post"}],"author":[{"embeddable":true,"href":"https:\/\/www.egemtv.com\/index.php?rest_route=\/wp\/v2\/users\/1"}],"replies":[{"embeddable":true,"href":"https:\/\/www.egemtv.com\/index.php?rest_route=%2Fwp%2Fv2%2Fcomments&post=92245"}],"version-history":[{"count":1,"href":"https:\/\/www.egemtv.com\/index.php?rest_route=\/wp\/v2\/posts\/92245\/revisions"}],"predecessor-version":[{"id":92247,"href":"https:\/\/www.egemtv.com\/index.php?rest_route=\/wp\/v2\/posts\/92245\/revisions\/92247"}],"wp:featuredmedia":[{"embeddable":true,"href":"https:\/\/www.egemtv.com\/index.php?rest_route=\/wp\/v2\/media\/92246"}],"wp:attachment":[{"href":"https:\/\/www.egemtv.com\/index.php?rest_route=%2Fwp%2Fv2%2Fmedia&parent=92245"}],"wp:term":[{"taxonomy":"category","embeddable":true,"href":"https:\/\/www.egemtv.com\/index.php?rest_route=%2Fwp%2Fv2%2Fcategories&post=92245"},{"taxonomy":"post_tag","embeddable":true,"href":"https:\/\/www.egemtv.com\/index.php?rest_route=%2Fwp%2Fv2%2Ftags&post=92245"}],"curies":[{"name":"wp","href":"https:\/\/api.w.org\/{rel}","templated":true}]}}