{"id":92242,"date":"2026-03-06T11:54:51","date_gmt":"2026-03-06T08:54:51","guid":{"rendered":"https:\/\/www.egemtv.com\/?p=92242"},"modified":"2026-03-06T11:54:53","modified_gmt":"2026-03-06T08:54:53","slug":"camelinde-yagislar-sonrasi-yer-alti-sulari-yuzeye-cikti","status":"publish","type":"post","link":"https:\/\/www.egemtv.com\/?p=92242","title":{"rendered":"\u00c7ameli\u2019nde ya\u011f\u0131\u015flar sonras\u0131 yer alt\u0131 sular\u0131 y\u00fczeye \u00e7\u0131kt\u0131"},"content":{"rendered":"<p>Denizli\u2019nin \u00c7ameli il\u00e7esinde etkili olan yo\u011fun ya\u011f\u0131\u015flar\u0131n ard\u0131ndan bir\u00e7ok noktada yer alt\u0131 sular\u0131 y\u00fczeye \u00e7\u0131kt\u0131. Tarlalardan ve yol kenarlar\u0131ndan \u00e7\u0131kan sular mahalle sakinleri taraf\u0131ndan bereket olarak de\u011ferlendirilirken, belediye ekipleri b\u00f6lgede inceleme ba\u015flatt\u0131.<\/p>\n<p>Denizli\u2019nin \u00c7ameli il\u00e7esinde son g\u00fcnlerde etkili olan yo\u011fun ya\u011f\u0131\u015flar\u0131n ard\u0131ndan baz\u0131 mahallelerde yer alt\u0131 sular\u0131 y\u00fczeye \u00e7\u0131kmaya ba\u015flad\u0131. Tarlalardan, yol kenarlar\u0131ndan ve yol ortas\u0131ndan \u00e7\u0131kan sular mahalle sakinleri taraf\u0131ndan hayretle kar\u015f\u0131lan\u0131rken, durum bereket olarak de\u011ferlendirilerek \u015f\u00fck\u00fcrle kar\u015f\u0131land\u0131. \u00d6zellikle G\u00fcrsu Mahallesi\u2019nde bir\u00e7ok noktada y\u00fczeye \u00e7\u0131kan sular\u0131n ard\u0131ndan \u00c7ameli Belediyesi Fen \u0130\u015fleri M\u00fcd\u00fcrl\u00fc\u011f\u00fc ekipleri b\u00f6lgede incelemelerde bulundu. Belediye Ba\u015fkan Yard\u0131mc\u0131s\u0131 Fethi U\u011fur ve Fen \u0130\u015fleri ekipleri, il\u00e7enin farkl\u0131 noktalar\u0131nda ortaya \u00e7\u0131kan bu do\u011fal kaynaklar\u0131n tek bir noktada toplanarak de\u011ferlendirilmesi i\u00e7in \u00e7al\u0131\u015fmalar\u0131n s\u00fcrd\u00fc\u011f\u00fcn\u00fc belirtti.<\/p>\n<p>\u00c7ameli Belediye Ba\u015fkan\u0131 Cengiz Arslan, ortaya \u00e7\u0131kan su kaynaklar\u0131n\u0131n en verimli \u015fekilde kullan\u0131labilmesi i\u00e7in gerekli planlamalar\u0131n yap\u0131ld\u0131\u011f\u0131n\u0131 ve \u00e7al\u0131\u015fmalar\u0131n devam etti\u011fini ifade etti.<br \/><\/p>\n","protected":false},"excerpt":{"rendered":"<p>Denizli\u2019nin \u00c7ameli il\u00e7esinde etkili olan yo\u011fun ya\u011f\u0131\u015flar\u0131n ard\u0131ndan bir\u00e7ok noktada yer alt\u0131 sular\u0131 y\u00fczeye \u00e7\u0131kt\u0131. Tarlalardan ve yol kenarlar\u0131ndan \u00e7\u0131kan sular mahalle sakinleri taraf\u0131ndan bereket olarak de\u011ferlendirilirken, belediye ekipleri b\u00f6lgede inceleme ba\u015flatt\u0131. Denizli\u2019nin \u00c7ameli il\u00e7esinde son g\u00fcnlerde etkili olan yo\u011fun ya\u011f\u0131\u015flar\u0131n ard\u0131ndan baz\u0131 mahallelerde yer alt\u0131 sular\u0131 y\u00fczeye \u00e7\u0131kmaya ba\u015flad\u0131. Tarlalardan, yol kenarlar\u0131ndan ve yol&#8230;<\/p>\n","protected":false},"author":1,"featured_media":92243,"comment_status":"open","ping_status":"open","sticky":false,"template":"","format":"standard","meta":{"_crdt_document":"","footnotes":""},"categories":[1],"tags":[],"class_list":["post-92242","post","type-post","status-publish","format-standard","has-post-thumbnail","hentry","category-guncel"],"_links":{"self":[{"href":"https:\/\/www.egemtv.com\/index.php?rest_route=\/wp\/v2\/posts\/92242","targetHints":{"allow":["GET"]}}],"collection":[{"href":"https:\/\/www.egemtv.com\/index.php?rest_route=\/wp\/v2\/posts"}],"about":[{"href":"https:\/\/www.egemtv.com\/index.php?rest_route=\/wp\/v2\/types\/post"}],"author":[{"embeddable":true,"href":"https:\/\/www.egemtv.com\/index.php?rest_route=\/wp\/v2\/users\/1"}],"replies":[{"embeddable":true,"href":"https:\/\/www.egemtv.com\/index.php?rest_route=%2Fwp%2Fv2%2Fcomments&post=92242"}],"version-history":[{"count":1,"href":"https:\/\/www.egemtv.com\/index.php?rest_route=\/wp\/v2\/posts\/92242\/revisions"}],"predecessor-version":[{"id":92244,"href":"https:\/\/www.egemtv.com\/index.php?rest_route=\/wp\/v2\/posts\/92242\/revisions\/92244"}],"wp:featuredmedia":[{"embeddable":true,"href":"https:\/\/www.egemtv.com\/index.php?rest_route=\/wp\/v2\/media\/92243"}],"wp:attachment":[{"href":"https:\/\/www.egemtv.com\/index.php?rest_route=%2Fwp%2Fv2%2Fmedia&parent=92242"}],"wp:term":[{"taxonomy":"category","embeddable":true,"href":"https:\/\/www.egemtv.com\/index.php?rest_route=%2Fwp%2Fv2%2Fcategories&post=92242"},{"taxonomy":"post_tag","embeddable":true,"href":"https:\/\/www.egemtv.com\/index.php?rest_route=%2Fwp%2Fv2%2Ftags&post=92242"}],"curies":[{"name":"wp","href":"https:\/\/api.w.org\/{rel}","templated":true}]}}