{"id":92239,"date":"2026-03-06T11:54:50","date_gmt":"2026-03-06T08:54:50","guid":{"rendered":"https:\/\/www.egemtv.com\/?p=92239"},"modified":"2026-03-06T11:54:51","modified_gmt":"2026-03-06T08:54:51","slug":"baskan-subasioglu-ramazanin-bereketini-gonul-sofralarinda-paylasiyor","status":"publish","type":"post","link":"https:\/\/www.egemtv.com\/?p=92239","title":{"rendered":"Ba\u015fkan Suba\u015f\u0131o\u011flu, Ramazan\u2019\u0131n bereketini g\u00f6n\u00fcl sofralar\u0131nda payla\u015f\u0131yor"},"content":{"rendered":"<p>AK Parti Denizli \u0130l Ba\u015fkan\u0131 Muhammet Suba\u015f\u0131o\u011flu, Ramazan ay\u0131n\u0131n ruhuna uygun bir \u015fekilde sahadaki \u00e7al\u0131\u015fmalar\u0131na devam ediyor. Ba\u015fkan Suba\u015f\u0131o\u011flu, iftar vaktinde her g\u00fcn farkl\u0131 bir haneye, farkl\u0131 bir mahalleye ve il\u00e7eye konuk oluyor, vatanda\u015flarla bir araya geliyor.<\/p>\n<p>Ramazan ay\u0131n\u0131n ba\u015f\u0131ndan itibaren Denizli\u2019nin d\u00f6rt bir yan\u0131ndaki mahalleleri ziyaret eden AK Parti Denizli \u0130l Ba\u015fkan\u0131 Muhammet Suba\u015f\u0131o\u011flu, vatanda\u015flarla iftarda, g\u00f6n\u00fcl sofralar\u0131na konuk oluyor. Gitti\u011fi iftarlarda vatanda\u015flarla yak\u0131ndan ilgilenen Suba\u015f\u0131o\u011flu, hem\u015fehrilerinin taleplerini dinlerken ayn\u0131 zamanda Ramazan\u2019\u0131n huzurunu ve bereketini birlikte payla\u015f\u0131yor.<\/p>\n<p>&#8220;En B\u00fcy\u00fck Zenginli\u011fimiz Birli\u011fimiz&#8221;<br \/>\n<br \/>Ziyaretlerine ili\u015fkin de\u011ferlendirmelerde bulunan AK Parti Denizli \u0130l Ba\u015fkan\u0131 Suba\u015f\u0131o\u011flu, \u015fu ifadelere yer verdi: &#8220;Ramazan ay\u0131 sadece bir ibadet ay\u0131 de\u011fil, ayn\u0131 zamanda dayan\u0131\u015fman\u0131n ve karde\u015fli\u011fin zirveye ula\u015ft\u0131\u011f\u0131 m\u00fcstesna bir zaman dilimidir. Bizim i\u00e7in en b\u00fcy\u00fck mutluluk, hem\u015fehrilerimizin sofras\u0131ndaki bir s\u0131cak \u00e7orbaya, i\u00e7ten bir g\u00fcl\u00fcmsemeye ortak olmakt\u0131r. G\u00f6n\u00fcl sofralar\u0131m\u0131zda bir araya gelerek birli\u011fimizi ve beraberli\u011fimizi peki\u015ftiriyoruz. Denizli\u2019mizin her soka\u011f\u0131nda, her hanesinde bu karde\u015flik ba\u011f\u0131n\u0131 g\u00fc\u00e7lendirmeye devam edece\u011fiz.&#8221;<\/p>\n<p>Mahalle Ziyaretleri Bayram Sonuna Kadar S\u00fcrecek<br \/>\n<br \/>Sadece merkez il\u00e7elerde de\u011fil, Denizli\u2019nin en uzak mahallelerine kadar ula\u015fmay\u0131 hedefleyen AK Parti te\u015fkilat\u0131, Ba\u015fkan Suba\u015f\u0131o\u011flu\u2019nun \u00f6nc\u00fcl\u00fc\u011f\u00fcnde \u00e7at kap\u0131 ziyaretlerle vatanda\u015f\u0131n nabz\u0131n\u0131 tutuyor. \u0130ftar sonras\u0131nda da kahvehane ve esnaf ziyaretleriyle devam eden programlar, sahur vaktine kadar s\u00fcren samimi sohbetlerle ta\u00e7lan\u0131yor.<br \/><\/p>\n","protected":false},"excerpt":{"rendered":"<p>AK Parti Denizli \u0130l Ba\u015fkan\u0131 Muhammet Suba\u015f\u0131o\u011flu, Ramazan ay\u0131n\u0131n ruhuna uygun bir \u015fekilde sahadaki \u00e7al\u0131\u015fmalar\u0131na devam ediyor. Ba\u015fkan Suba\u015f\u0131o\u011flu, iftar vaktinde her g\u00fcn farkl\u0131 bir haneye, farkl\u0131 bir mahalleye ve il\u00e7eye konuk oluyor, vatanda\u015flarla bir araya geliyor. Ramazan ay\u0131n\u0131n ba\u015f\u0131ndan itibaren Denizli\u2019nin d\u00f6rt bir yan\u0131ndaki mahalleleri ziyaret eden AK Parti Denizli \u0130l Ba\u015fkan\u0131 Muhammet Suba\u015f\u0131o\u011flu,&#8230;<\/p>\n","protected":false},"author":1,"featured_media":92240,"comment_status":"open","ping_status":"open","sticky":false,"template":"","format":"standard","meta":{"_crdt_document":"","footnotes":""},"categories":[127],"tags":[],"class_list":["post-92239","post","type-post","status-publish","format-standard","has-post-thumbnail","hentry","category-siyaset"],"_links":{"self":[{"href":"https:\/\/www.egemtv.com\/index.php?rest_route=\/wp\/v2\/posts\/92239","targetHints":{"allow":["GET"]}}],"collection":[{"href":"https:\/\/www.egemtv.com\/index.php?rest_route=\/wp\/v2\/posts"}],"about":[{"href":"https:\/\/www.egemtv.com\/index.php?rest_route=\/wp\/v2\/types\/post"}],"author":[{"embeddable":true,"href":"https:\/\/www.egemtv.com\/index.php?rest_route=\/wp\/v2\/users\/1"}],"replies":[{"embeddable":true,"href":"https:\/\/www.egemtv.com\/index.php?rest_route=%2Fwp%2Fv2%2Fcomments&post=92239"}],"version-history":[{"count":1,"href":"https:\/\/www.egemtv.com\/index.php?rest_route=\/wp\/v2\/posts\/92239\/revisions"}],"predecessor-version":[{"id":92241,"href":"https:\/\/www.egemtv.com\/index.php?rest_route=\/wp\/v2\/posts\/92239\/revisions\/92241"}],"wp:featuredmedia":[{"embeddable":true,"href":"https:\/\/www.egemtv.com\/index.php?rest_route=\/wp\/v2\/media\/92240"}],"wp:attachment":[{"href":"https:\/\/www.egemtv.com\/index.php?rest_route=%2Fwp%2Fv2%2Fmedia&parent=92239"}],"wp:term":[{"taxonomy":"category","embeddable":true,"href":"https:\/\/www.egemtv.com\/index.php?rest_route=%2Fwp%2Fv2%2Fcategories&post=92239"},{"taxonomy":"post_tag","embeddable":true,"href":"https:\/\/www.egemtv.com\/index.php?rest_route=%2Fwp%2Fv2%2Ftags&post=92239"}],"curies":[{"name":"wp","href":"https:\/\/api.w.org\/{rel}","templated":true}]}}