{"id":92236,"date":"2026-03-06T11:34:46","date_gmt":"2026-03-06T08:34:46","guid":{"rendered":"https:\/\/www.egemtv.com\/?p=92236"},"modified":"2026-03-06T11:34:47","modified_gmt":"2026-03-06T08:34:47","slug":"evinin-sultanlari-bu-kez-parkede-ter-doktu","status":"publish","type":"post","link":"https:\/\/www.egemtv.com\/?p=92236","title":{"rendered":"Evinin sultanlar\u0131, bu kez parkede ter d\u00f6kt\u00fc"},"content":{"rendered":"<p>Ayd\u0131n\u2019da s\u00fcrd\u00fcr\u00fclen \u2019Evinin Sultanlar\u0131\u2019 projesi \u00e7er\u00e7evesinde K\u00f6\u015fk il\u00e7esinde parkeye \u00e7\u0131kan ev kad\u0131nlar\u0131 d\u00fczenlenen dostluk ma\u00e7\u0131nda ter d\u00f6kt\u00fc.<\/p>\n<p>Gen\u00e7lik ve Spor Bakanl\u0131\u011f\u0131 taraf\u0131ndan 81 ilde hayata ge\u00e7irilen \u2019Evinin Sultanlar\u0131\u2019 projesine Ayd\u0131nl\u0131 kad\u0131nlar yo\u011fun ilgi g\u00f6sterdi. Ayd\u0131n Gen\u00e7lik ve Spor \u0130l M\u00fcd\u00fcrl\u00fc\u011f\u00fc koordinesinde y\u00fcr\u00fct\u00fclen proje ile filede bulu\u015fan ev han\u0131mlar\u0131 ve \u00e7al\u0131\u015fan kad\u0131nlar, hem spor yaparak zinde kal\u0131yor hem de k\u0131yas\u0131ya m\u00fccadele ediyor. Kad\u0131nlara y\u00f6nelik d\u00fczenli fiziksel aktivite al\u0131\u015fkanl\u0131\u011f\u0131 kazand\u0131rmak amac\u0131yla hayata ge\u00e7irilen projede her ge\u00e7en y\u0131l daha fazla kad\u0131na ula\u015f\u0131l\u0131rken, Ayd\u0131nl\u0131 kad\u0131nlar\u0131n da projeye olan ilgisi art\u0131yor. Projeye dahil olan kad\u0131nlar da olu\u015fturulan tak\u0131mlar ile dostluk ma\u00e7lar\u0131na \u00e7\u0131karak m\u00fcsabaka heyecan\u0131 ya\u015f\u0131yor. Bu kapsamda K\u00f6\u015fk il\u00e7esinde 8 Mart D\u00fcnya Kad\u0131nlar G\u00fcn\u00fc vesilesiyle voleybol etkinli\u011fi d\u00fczenlendi. Ev han\u0131mlar\u0131n\u0131 spora ve sosyal hayata te\u015fvik etmek amac\u0131yla ger\u00e7ekle\u015ftirilen etkinlikte, \u2019Evinin Sultanlar\u0131\u2019 kad\u0131nlar bu kez parkede ter d\u00f6kt\u00fc.<\/p>\n<p>Konu ile ilgili Ayd\u0131n Gen\u00e7lik ve Spor \u0130l M\u00fcd\u00fcrl\u00fc\u011f\u00fc\u2019nden yap\u0131lan a\u00e7\u0131klamada &#8220;8 Mart D\u00fcnya Kad\u0131nlar G\u00fcn\u00fc kapsam\u0131nda d\u00fczenlenen \u2019Evinin Sultanlar\u0131\u2019 Voleybol Etkinli\u011fi, sporun birle\u015ftirici g\u00fcc\u00fcyle renkli g\u00f6r\u00fcnt\u00fclere sahne oldu&#8221; ifadeleri yer ald\u0131.<br \/><\/p>\n","protected":false},"excerpt":{"rendered":"<p>Ayd\u0131n\u2019da s\u00fcrd\u00fcr\u00fclen \u2019Evinin Sultanlar\u0131\u2019 projesi \u00e7er\u00e7evesinde K\u00f6\u015fk il\u00e7esinde parkeye \u00e7\u0131kan ev kad\u0131nlar\u0131 d\u00fczenlenen dostluk ma\u00e7\u0131nda ter d\u00f6kt\u00fc. Gen\u00e7lik ve Spor Bakanl\u0131\u011f\u0131 taraf\u0131ndan 81 ilde hayata ge\u00e7irilen \u2019Evinin Sultanlar\u0131\u2019 projesine Ayd\u0131nl\u0131 kad\u0131nlar yo\u011fun ilgi g\u00f6sterdi. Ayd\u0131n Gen\u00e7lik ve Spor \u0130l M\u00fcd\u00fcrl\u00fc\u011f\u00fc koordinesinde y\u00fcr\u00fct\u00fclen proje ile filede bulu\u015fan ev han\u0131mlar\u0131 ve \u00e7al\u0131\u015fan kad\u0131nlar, hem spor yaparak zinde&#8230;<\/p>\n","protected":false},"author":1,"featured_media":92237,"comment_status":"open","ping_status":"open","sticky":false,"template":"","format":"standard","meta":{"_crdt_document":"","footnotes":""},"categories":[4],"tags":[],"class_list":["post-92236","post","type-post","status-publish","format-standard","has-post-thumbnail","hentry","category-spor"],"_links":{"self":[{"href":"https:\/\/www.egemtv.com\/index.php?rest_route=\/wp\/v2\/posts\/92236","targetHints":{"allow":["GET"]}}],"collection":[{"href":"https:\/\/www.egemtv.com\/index.php?rest_route=\/wp\/v2\/posts"}],"about":[{"href":"https:\/\/www.egemtv.com\/index.php?rest_route=\/wp\/v2\/types\/post"}],"author":[{"embeddable":true,"href":"https:\/\/www.egemtv.com\/index.php?rest_route=\/wp\/v2\/users\/1"}],"replies":[{"embeddable":true,"href":"https:\/\/www.egemtv.com\/index.php?rest_route=%2Fwp%2Fv2%2Fcomments&post=92236"}],"version-history":[{"count":1,"href":"https:\/\/www.egemtv.com\/index.php?rest_route=\/wp\/v2\/posts\/92236\/revisions"}],"predecessor-version":[{"id":92238,"href":"https:\/\/www.egemtv.com\/index.php?rest_route=\/wp\/v2\/posts\/92236\/revisions\/92238"}],"wp:featuredmedia":[{"embeddable":true,"href":"https:\/\/www.egemtv.com\/index.php?rest_route=\/wp\/v2\/media\/92237"}],"wp:attachment":[{"href":"https:\/\/www.egemtv.com\/index.php?rest_route=%2Fwp%2Fv2%2Fmedia&parent=92236"}],"wp:term":[{"taxonomy":"category","embeddable":true,"href":"https:\/\/www.egemtv.com\/index.php?rest_route=%2Fwp%2Fv2%2Fcategories&post=92236"},{"taxonomy":"post_tag","embeddable":true,"href":"https:\/\/www.egemtv.com\/index.php?rest_route=%2Fwp%2Fv2%2Ftags&post=92236"}],"curies":[{"name":"wp","href":"https:\/\/api.w.org\/{rel}","templated":true}]}}