{"id":92233,"date":"2026-03-06T11:34:45","date_gmt":"2026-03-06T08:34:45","guid":{"rendered":"https:\/\/www.egemtv.com\/?p=92233"},"modified":"2026-03-06T11:34:46","modified_gmt":"2026-03-06T08:34:46","slug":"baskan-doganca-ogrencilerin-sorularini-cevapladi","status":"publish","type":"post","link":"https:\/\/www.egemtv.com\/?p=92233","title":{"rendered":"Ba\u015fkan Do\u011fanca, \u00f6\u011frencilerin sorular\u0131n\u0131 cevaplad\u0131"},"content":{"rendered":"<p>Ayd\u0131n\u2019\u0131n Kuyucak il\u00e7esinde Ba\u015faran \u0130lkokulu \u00f6\u011frencileri, yerel y\u00f6netimler konusunu yerinde \u00f6\u011frenmek amac\u0131yla Kuyucak Belediyesi\u2019ni ziyaret etti.<\/p>\n<p>Ba\u015faran \u0130lkokulu\u2019nda yerel y\u00f6netimler konusunu i\u015fleyen \u00f6\u011frenciler, \u00f6\u011fretmenleri e\u015fli\u011finde Kuyucak Belediyesi\u2019ne gelerek belediyenin \u00e7al\u0131\u015fma sistemi hakk\u0131nda bilgi ald\u0131. Belediye Ba\u015fkan\u0131 U\u011fur Do\u011fanca taraf\u0131ndan a\u011f\u0131rlanan \u00f6\u011frencilerle soru-cevap \u015feklinde sohbet ger\u00e7ekle\u015ftirildi. Ziyaret kapsam\u0131nda \u00f6\u011frenciler belediyenin birimlerini de ziyaret ederek yap\u0131lan \u00e7al\u0131\u015fmalar hakk\u0131nda bilgi edinme f\u0131rsat\u0131 buldu. Yerel y\u00f6netimlerin g\u00f6rev ve sorumluluklar\u0131n\u0131 yak\u0131ndan tan\u0131yan \u00f6\u011frenciler, merak ettikleri sorular\u0131 da Ba\u015fkan Do\u011fanca\u2019ya y\u00f6neltti.<\/p>\n<p>Kuyucak Belediye Ba\u015fkan\u0131 U\u011fur Do\u011fanca, \u00f6\u011frencileri belediyede a\u011f\u0131rlamaktan memnuniyet duydu\u011funu belirterek, &#8220;\u0130l\u00e7emiz Ba\u015faran \u0130lkokulu\u2019nda yerel y\u00f6netimler konusunu i\u015fleyen \u00f6\u011frencilerimizi belediyemizde a\u011f\u0131rlad\u0131k. Soru cevap \u015feklinde \u00f6\u011frencilerimizle sohbet ettik ve belediyemizin birimlerini \u00f6\u011frencilerimize tan\u0131tt\u0131k. Gelece\u011fimizin teminat\u0131 gen\u00e7lerimize e\u011fitim hayatlar\u0131nda ba\u015far\u0131lar diliyorum&#8221; ifadelerini kulland\u0131.<br \/><\/p>\n","protected":false},"excerpt":{"rendered":"<p>Ayd\u0131n\u2019\u0131n Kuyucak il\u00e7esinde Ba\u015faran \u0130lkokulu \u00f6\u011frencileri, yerel y\u00f6netimler konusunu yerinde \u00f6\u011frenmek amac\u0131yla Kuyucak Belediyesi\u2019ni ziyaret etti. Ba\u015faran \u0130lkokulu\u2019nda yerel y\u00f6netimler konusunu i\u015fleyen \u00f6\u011frenciler, \u00f6\u011fretmenleri e\u015fli\u011finde Kuyucak Belediyesi\u2019ne gelerek belediyenin \u00e7al\u0131\u015fma sistemi hakk\u0131nda bilgi ald\u0131. Belediye Ba\u015fkan\u0131 U\u011fur Do\u011fanca taraf\u0131ndan a\u011f\u0131rlanan \u00f6\u011frencilerle soru-cevap \u015feklinde sohbet ger\u00e7ekle\u015ftirildi. Ziyaret kapsam\u0131nda \u00f6\u011frenciler belediyenin birimlerini de ziyaret ederek yap\u0131lan \u00e7al\u0131\u015fmalar&#8230;<\/p>\n","protected":false},"author":1,"featured_media":92234,"comment_status":"open","ping_status":"open","sticky":false,"template":"","format":"standard","meta":{"_crdt_document":"","footnotes":""},"categories":[1],"tags":[],"class_list":["post-92233","post","type-post","status-publish","format-standard","has-post-thumbnail","hentry","category-guncel"],"_links":{"self":[{"href":"https:\/\/www.egemtv.com\/index.php?rest_route=\/wp\/v2\/posts\/92233","targetHints":{"allow":["GET"]}}],"collection":[{"href":"https:\/\/www.egemtv.com\/index.php?rest_route=\/wp\/v2\/posts"}],"about":[{"href":"https:\/\/www.egemtv.com\/index.php?rest_route=\/wp\/v2\/types\/post"}],"author":[{"embeddable":true,"href":"https:\/\/www.egemtv.com\/index.php?rest_route=\/wp\/v2\/users\/1"}],"replies":[{"embeddable":true,"href":"https:\/\/www.egemtv.com\/index.php?rest_route=%2Fwp%2Fv2%2Fcomments&post=92233"}],"version-history":[{"count":1,"href":"https:\/\/www.egemtv.com\/index.php?rest_route=\/wp\/v2\/posts\/92233\/revisions"}],"predecessor-version":[{"id":92235,"href":"https:\/\/www.egemtv.com\/index.php?rest_route=\/wp\/v2\/posts\/92233\/revisions\/92235"}],"wp:featuredmedia":[{"embeddable":true,"href":"https:\/\/www.egemtv.com\/index.php?rest_route=\/wp\/v2\/media\/92234"}],"wp:attachment":[{"href":"https:\/\/www.egemtv.com\/index.php?rest_route=%2Fwp%2Fv2%2Fmedia&parent=92233"}],"wp:term":[{"taxonomy":"category","embeddable":true,"href":"https:\/\/www.egemtv.com\/index.php?rest_route=%2Fwp%2Fv2%2Fcategories&post=92233"},{"taxonomy":"post_tag","embeddable":true,"href":"https:\/\/www.egemtv.com\/index.php?rest_route=%2Fwp%2Fv2%2Ftags&post=92233"}],"curies":[{"name":"wp","href":"https:\/\/api.w.org\/{rel}","templated":true}]}}