{"id":92230,"date":"2026-03-06T11:14:53","date_gmt":"2026-03-06T08:14:53","guid":{"rendered":"https:\/\/www.egemtv.com\/?p=92230"},"modified":"2026-03-06T11:14:53","modified_gmt":"2026-03-06T08:14:53","slug":"parkede-azmin-ve-mucadelenin-simgesi-medine-alper","status":"publish","type":"post","link":"https:\/\/www.egemtv.com\/?p=92230","title":{"rendered":"Parkede azmin ve m\u00fccadelenin simgesi: Medine Alper"},"content":{"rendered":"<p>\u0130zmir B\u00fcy\u00fck\u015fehir Belediyesi Spor Kul\u00fcb\u00fc Tekerlekli Sandalye Basketbol Tak\u0131m\u0131, S\u00fcper Lig\u2019de 20. sezonunu geride b\u0131rak\u0131rken, tak\u0131m\u0131n tek kad\u0131n sporcusu Medine Alper de parkede ortaya koydu\u011fu azim ve m\u00fccadeleyle dikkat \u00e7ekiyor. 10 ya\u015f\u0131nda atletizme ba\u015flayan, ge\u00e7irdi\u011fi kaza sonucu tekerlekli sandalyede ya\u015fam\u0131na devam etmek zorunda kalan Alper, spor sayesinde hayata yeniden tutundu. Basketbolla birlikte kendini buldu\u011funu s\u00f6yleyen Medine Alper, &#8220;Yeniden ya\u015famay\u0131 se\u00e7tim&#8221; dedi.<br \/>\n<br \/>\u0130zmir B\u00fcy\u00fck\u015fehir Belediyesi Spor Kul\u00fcb\u00fc Tekerlekli Sandalye Basketbol Tak\u0131m\u0131\u2019n\u0131n tek kad\u0131n sporcusu olan 26 ya\u015f\u0131ndaki Medine Alper, 10 ya\u015f\u0131ndayken beden e\u011fitimi \u00f6\u011fretmeninin y\u00f6nlendirmesiyle spora ad\u0131m att\u0131. Uzun atlama ve \u00fc\u00e7 ad\u0131m atlamada y\u0131llarca piste \u00e7\u0131kt\u0131; hayat\u0131n\u0131n ritmini spor belirledi. Ancak 19 ya\u015f\u0131ndan sonra Medine Alper i\u00e7in bamba\u015fka bir d\u00f6nem ba\u015flad\u0131. \u00dcniversitede antren\u00f6rl\u00fck e\u011fitimi ald\u0131\u011f\u0131 s\u0131rada yapt\u0131\u011f\u0131 bir fitness antrenman\u0131 s\u0131ras\u0131nda omurili\u011fi k\u0131r\u0131ld\u0131. Sporla dolu ge\u00e7en y\u0131llar, bir anda yerini sessizli\u011fe ve zorlu bir tedavi s\u00fcrecine b\u0131rakt\u0131. Tekerlekli sandalyede yeniden ya\u015fam kurmaya \u00e7al\u0131\u015fan Alper, hem fiziksel hem de ruhsal olarak b\u00fcy\u00fck bir m\u00fccadele verdi. Pes etmeyi hi\u00e7 d\u00fc\u015f\u00fcnmedi, spora olan tutkusu onu yeniden aya\u011fa kald\u0131rd\u0131. 2022 y\u0131l\u0131nda \u0130zmir B\u00fcy\u00fck\u015fehir Belediyesi Spor Kul\u00fcb\u00fc\u2019ne kat\u0131lan Medine Alper, bu kez parkelerde m\u00fccadele etmeye ba\u015flad\u0131.<\/p>\n<p>Yeniden ya\u015famay\u0131 se\u00e7ti<br \/>\n<br \/>Zorlu ge\u00e7en tedavi s\u00fcre\u00e7lerinde zaman zaman kendini bir bo\u015flukta hissetti\u011fini anlatan Medine Alper, hayat\u0131n\u0131 bu \u015fekilde s\u00fcrd\u00fcrmek istemedi\u011fini fark edince yeniden spora tutundu\u011funu anlatt\u0131. Uzun s\u00fcre spordan uzak kalman\u0131n kendisini hem ruhsal hem de fiziksel olarak zorlad\u0131\u011f\u0131n\u0131 dile getiren Alper, &#8220;Uzun s\u00fcre spor yapmad\u0131m, kendimi bo\u015flukta hissettim. \u00c7\u00fcnk\u00fc hayat\u0131m sporla \u015fekillenmi\u015fti. Kendimi k\u00f6t\u00fc hissetti\u011fim d\u00f6nemde, tekerlekli sandalye basketbol tak\u0131m\u0131 ile tan\u0131\u015ft\u0131m. Onlar\u0131 bulunca, kendimi de yeniden buldum. Sporu \u00e7ok seviyorum, sporun i\u00e7erisinde olmay\u0131 \u00e7ok seviyorum&#8221; dedi.<\/p>\n<p>&#8220;Spor ruhumu da aya\u011fa kald\u0131rd\u0131&#8221;<br \/>\n<br \/>2022 y\u0131l\u0131nda tekerlekli sandalye basketboluna ba\u015flayan Medine Alper, bug\u00fcn tak\u0131m\u0131n tek kad\u0131n sporcusu. \u0130zmir B\u00fcy\u00fck\u015fehir Belediyesi Spor Kul\u00fcb\u00fc\u2019nde son 5 sezonda lig ve Avrupa kupalar\u0131nda yakla\u015f\u0131k 100 kar\u015f\u0131la\u015fmaya \u00e7\u0131kan, t\u00fcm zorluklara ra\u011fmen yeniden ya\u015famay\u0131 se\u00e7en ve sporla kendini buldu\u011funu anlatan Medine Alper, &#8220;\u00d6nceki hayat\u0131m farkl\u0131yd\u0131 ama ikinci hayat\u0131m\u0131 da bu \u015fekilde ya\u015famay\u0131 se\u00e7iyorum. Ba\u015fka se\u00e7eneklerim de olsa, onlar\u0131n i\u00e7erisinden yine sporcu olmay\u0131 se\u00e7erdim&#8221; diye konu\u015ftu. Say\u0131s\u0131z kar\u015f\u0131la\u015fmaya \u00e7\u0131ksa da Alper i\u00e7in ba\u015far\u0131, kupadan ibaret de\u011fil. O, sporun yaln\u0131zca bedeni de\u011fil, ruhu da aya\u011fa kald\u0131rd\u0131\u011f\u0131na inan\u0131yor.<\/p>\n<p>Adaletin ve sayg\u0131n\u0131n oldu\u011fu bir d\u00fcnya diledi<br \/>\n<br \/>Medine Alper\u2019in 8 Mart D\u00fcnya Kad\u0131nlar G\u00fcn\u00fc mesaj\u0131 da olduk\u00e7a anlaml\u0131yd\u0131. Alper, &#8220;Kad\u0131nlar\u0131m\u0131z\u0131n korkmadan, arkas\u0131na bakmadan, \u00f6zg\u00fcrce y\u00fcr\u00fcyebilece\u011fi, g\u00fcvenle ya\u015fayabilece\u011fi bir d\u00fcnya diliyorum. Adaletin, sayg\u0131n\u0131n ve e\u015fitli\u011fin oldu\u011fu bir d\u00fcnyada ya\u015famam\u0131z dile\u011fi ile ba\u015fta annelerimiz, karde\u015flerimiz ve hayat\u0131m\u0131za de\u011fer katan t\u00fcm kad\u0131nlar\u0131n g\u00fcn\u00fc kutlu olsun. \u0130yi ki varlar, iyi ki d\u00fcnyay\u0131 g\u00fczelle\u015ftiriyorlar. 8 Mart D\u00fcnya Kad\u0131nlar G\u00fcn\u00fc kutlu olsun&#8221; ifadelerini kulland\u0131.<\/p>\n<p>Tak\u0131m arkada\u015flar\u0131n\u0131n gurur kayna\u011f\u0131<br \/>\n<br \/>Erkek sporcular\u0131n a\u011f\u0131rl\u0131kta oldu\u011fu zorlu bir bran\u015fta m\u00fccadele eden Medine Alper, tak\u0131m arkada\u015flar\u0131n\u0131n da gurur kayna\u011f\u0131. Tak\u0131mda yer alan R\u0131dvan Aksoy, &#8220;Ekibimizde bir kad\u0131n\u0131n olmas\u0131 bizim i\u00e7in hem mutluluk hem de gurur verici&#8221; derken, Yi\u011fitcan Zorlu ise, &#8220;Zor bir spor dal\u0131. Kad\u0131nlar\u0131n aram\u0131zda olmas\u0131 onlar\u0131n g\u00fcc\u00fcn\u00fc g\u00f6steriyor&#8221; s\u00f6zleriyle deste\u011fini dile getirdi. 22 y\u0131ld\u0131r bu sporu yapan Volkan Aydeniz ise tak\u0131m arkada\u015f\u0131 i\u00e7in &#8220;Kad\u0131n bir sporcunun bu kadar g\u00fc\u00e7l\u00fc \u015fekilde m\u00fccadelesine devam etmesi kendisi a\u00e7\u0131s\u0131ndan da bir f\u0131rsat olu\u015fturuyor. Medine karde\u015fimizle gurur duyuyoruz&#8221; dedi.<\/p>\n<p>20 y\u0131ld\u0131r d\u00fc\u015fmeyen bir tak\u0131m\u0131n par\u00e7as\u0131<br \/>\n<br \/>\u0130zmir B\u00fcy\u00fck\u015fehir Belediyesi Spor Kul\u00fcb\u00fc Tekerlekli Sandalye Basketbol Tak\u0131m\u0131, 2025-2026 sezonunda S\u00fcper Lig\u2019de 20. kez parkeye \u00e7\u0131kt\u0131. Ligin kuruldu\u011fu g\u00fcnden bu yana kesintisiz m\u00fccadele eden ekip, Galatasaray ve Be\u015fikta\u015f ile birlikte 20 y\u0131ld\u0131r ligden hi\u00e7 d\u00fc\u015fmeyen \u00fc\u00e7 tak\u0131mdan biri olmay\u0131 ba\u015fard\u0131. 5 S\u00fcper Lig \u015fampiyonlu\u011fu, \u00fcst \u00fcste 105 ma\u00e7 kazanma rekoru, bir ma\u00e7ta 174 say\u0131 atma gibi k\u0131r\u0131lmas\u0131 g\u00fc\u00e7 ba\u015far\u0131lara imza atan mavi-beyazl\u0131lar, Avrupa\u2019da da T\u00fcrkiye\u2019yi temsil eden ilk tak\u0131m oldu. Andre Vergauwen Cup \u00fc\u00e7\u00fcnc\u00fcl\u00fck, IWBF EuroCup-3\u2019te 3 \u00fc\u00e7\u00fcnc\u00fcl\u00fck ve 2024\u2019te de ikincilik elde etti.<br \/><\/p>\n","protected":false},"excerpt":{"rendered":"<p>\u0130zmir B\u00fcy\u00fck\u015fehir Belediyesi Spor Kul\u00fcb\u00fc Tekerlekli Sandalye Basketbol Tak\u0131m\u0131, S\u00fcper Lig\u2019de 20. sezonunu geride b\u0131rak\u0131rken, tak\u0131m\u0131n tek kad\u0131n sporcusu Medine Alper de parkede ortaya koydu\u011fu azim ve m\u00fccadeleyle dikkat \u00e7ekiyor. 10 ya\u015f\u0131nda atletizme ba\u015flayan, ge\u00e7irdi\u011fi kaza sonucu tekerlekli sandalyede ya\u015fam\u0131na devam etmek zorunda kalan Alper, spor sayesinde hayata yeniden tutundu. Basketbolla birlikte kendini buldu\u011funu s\u00f6yleyen&#8230;<\/p>\n","protected":false},"author":1,"featured_media":92231,"comment_status":"open","ping_status":"open","sticky":false,"template":"","format":"standard","meta":{"_crdt_document":"","footnotes":""},"categories":[4],"tags":[],"class_list":["post-92230","post","type-post","status-publish","format-standard","has-post-thumbnail","hentry","category-spor"],"_links":{"self":[{"href":"https:\/\/www.egemtv.com\/index.php?rest_route=\/wp\/v2\/posts\/92230","targetHints":{"allow":["GET"]}}],"collection":[{"href":"https:\/\/www.egemtv.com\/index.php?rest_route=\/wp\/v2\/posts"}],"about":[{"href":"https:\/\/www.egemtv.com\/index.php?rest_route=\/wp\/v2\/types\/post"}],"author":[{"embeddable":true,"href":"https:\/\/www.egemtv.com\/index.php?rest_route=\/wp\/v2\/users\/1"}],"replies":[{"embeddable":true,"href":"https:\/\/www.egemtv.com\/index.php?rest_route=%2Fwp%2Fv2%2Fcomments&post=92230"}],"version-history":[{"count":1,"href":"https:\/\/www.egemtv.com\/index.php?rest_route=\/wp\/v2\/posts\/92230\/revisions"}],"predecessor-version":[{"id":92232,"href":"https:\/\/www.egemtv.com\/index.php?rest_route=\/wp\/v2\/posts\/92230\/revisions\/92232"}],"wp:featuredmedia":[{"embeddable":true,"href":"https:\/\/www.egemtv.com\/index.php?rest_route=\/wp\/v2\/media\/92231"}],"wp:attachment":[{"href":"https:\/\/www.egemtv.com\/index.php?rest_route=%2Fwp%2Fv2%2Fmedia&parent=92230"}],"wp:term":[{"taxonomy":"category","embeddable":true,"href":"https:\/\/www.egemtv.com\/index.php?rest_route=%2Fwp%2Fv2%2Fcategories&post=92230"},{"taxonomy":"post_tag","embeddable":true,"href":"https:\/\/www.egemtv.com\/index.php?rest_route=%2Fwp%2Fv2%2Ftags&post=92230"}],"curies":[{"name":"wp","href":"https:\/\/api.w.org\/{rel}","templated":true}]}}