{"id":92224,"date":"2026-03-06T11:14:51","date_gmt":"2026-03-06T08:14:51","guid":{"rendered":"https:\/\/www.egemtv.com\/?p=92224"},"modified":"2026-03-06T11:14:52","modified_gmt":"2026-03-06T08:14:52","slug":"kutahyada-galatasaraylilardan-kan-bagisi-seferberligi","status":"publish","type":"post","link":"https:\/\/www.egemtv.com\/?p=92224","title":{"rendered":"K\u00fctahya\u2019da Galatasarayl\u0131lardan kan ba\u011f\u0131\u015f\u0131 seferberli\u011fi"},"content":{"rendered":"<p>K\u00fctahya\u2019da Galatasarayl\u0131lar Derne\u011fi, T\u00fcrk K\u0131z\u0131lay i\u015f birli\u011fiyle kan ba\u011f\u0131\u015f\u0131 seferberli\u011fi ba\u015flatt\u0131. &#8220;Forman\u0131 giy gel&#8221; \u00e7a\u011fr\u0131s\u0131yla taraftarlar, hayat kurtarmak i\u00e7in Zafer Meydan\u0131\u2019nda bir araya geldi.<br \/>\n<br \/>Kan ba\u011f\u0131\u015f\u0131 organizasyonu, K\u00fctahya Valili\u011fi \u00f6n\u00fcndeki Zafer Meydan\u0131\u2019nda konu\u015fland\u0131r\u0131lan T\u00fcrk K\u0131z\u0131lay kan ba\u011f\u0131\u015f\u0131 arac\u0131nda ger\u00e7ekle\u015ftirildi. \u0130ftar\u0131n ard\u0131ndan ba\u015flayan kampanya gece saat 23.30\u2019a kadar devam ederken, etkinli\u011fe y\u00fczlerce g\u00f6n\u00fcll\u00fc kat\u0131ld\u0131.<br \/>\n<br \/>K\u00fctahya Galatasarayl\u0131lar Derne\u011fi Ba\u015fkan\u0131 U\u011fur K\u0131rdar, kan ba\u011f\u0131\u015f\u0131n\u0131n \u00f6nemine dikkat \u00e7ekerek vatanda\u015flara \u00e7a\u011fr\u0131da bulundu. K\u0131rdar, &#8220;Galatasarayl\u0131lar olarak bu kan ba\u011f\u0131\u015f\u0131 organizasyonuna destek olmak i\u00e7in buraday\u0131z. Hastanelerde ve \u00fcnitelerde kan eksikli\u011fi oldu\u011funu biliyoruz. Bu nedenle bu organizasyona kat\u0131lmak istedik. Bu eksiklik bir kez kan vererek bitecek bir durum de\u011fil. Herkesi kan ba\u011f\u0131\u015f\u0131nda bulunmaya davet ediyoruz&#8221; dedi.<br \/><\/p>\n","protected":false},"excerpt":{"rendered":"<p>K\u00fctahya\u2019da Galatasarayl\u0131lar Derne\u011fi, T\u00fcrk K\u0131z\u0131lay i\u015f birli\u011fiyle kan ba\u011f\u0131\u015f\u0131 seferberli\u011fi ba\u015flatt\u0131. &#8220;Forman\u0131 giy gel&#8221; \u00e7a\u011fr\u0131s\u0131yla taraftarlar, hayat kurtarmak i\u00e7in Zafer Meydan\u0131\u2019nda bir araya geldi. Kan ba\u011f\u0131\u015f\u0131 organizasyonu, K\u00fctahya Valili\u011fi \u00f6n\u00fcndeki Zafer Meydan\u0131\u2019nda konu\u015fland\u0131r\u0131lan T\u00fcrk K\u0131z\u0131lay kan ba\u011f\u0131\u015f\u0131 arac\u0131nda ger\u00e7ekle\u015ftirildi. \u0130ftar\u0131n ard\u0131ndan ba\u015flayan kampanya gece saat 23.30\u2019a kadar devam ederken, etkinli\u011fe y\u00fczlerce g\u00f6n\u00fcll\u00fc kat\u0131ld\u0131. K\u00fctahya Galatasarayl\u0131lar&#8230;<\/p>\n","protected":false},"author":1,"featured_media":92225,"comment_status":"open","ping_status":"open","sticky":false,"template":"","format":"standard","meta":{"_crdt_document":"","footnotes":""},"categories":[4],"tags":[],"class_list":["post-92224","post","type-post","status-publish","format-standard","has-post-thumbnail","hentry","category-spor"],"_links":{"self":[{"href":"https:\/\/www.egemtv.com\/index.php?rest_route=\/wp\/v2\/posts\/92224","targetHints":{"allow":["GET"]}}],"collection":[{"href":"https:\/\/www.egemtv.com\/index.php?rest_route=\/wp\/v2\/posts"}],"about":[{"href":"https:\/\/www.egemtv.com\/index.php?rest_route=\/wp\/v2\/types\/post"}],"author":[{"embeddable":true,"href":"https:\/\/www.egemtv.com\/index.php?rest_route=\/wp\/v2\/users\/1"}],"replies":[{"embeddable":true,"href":"https:\/\/www.egemtv.com\/index.php?rest_route=%2Fwp%2Fv2%2Fcomments&post=92224"}],"version-history":[{"count":1,"href":"https:\/\/www.egemtv.com\/index.php?rest_route=\/wp\/v2\/posts\/92224\/revisions"}],"predecessor-version":[{"id":92226,"href":"https:\/\/www.egemtv.com\/index.php?rest_route=\/wp\/v2\/posts\/92224\/revisions\/92226"}],"wp:featuredmedia":[{"embeddable":true,"href":"https:\/\/www.egemtv.com\/index.php?rest_route=\/wp\/v2\/media\/92225"}],"wp:attachment":[{"href":"https:\/\/www.egemtv.com\/index.php?rest_route=%2Fwp%2Fv2%2Fmedia&parent=92224"}],"wp:term":[{"taxonomy":"category","embeddable":true,"href":"https:\/\/www.egemtv.com\/index.php?rest_route=%2Fwp%2Fv2%2Fcategories&post=92224"},{"taxonomy":"post_tag","embeddable":true,"href":"https:\/\/www.egemtv.com\/index.php?rest_route=%2Fwp%2Fv2%2Ftags&post=92224"}],"curies":[{"name":"wp","href":"https:\/\/api.w.org\/{rel}","templated":true}]}}