{"id":92221,"date":"2026-03-06T11:14:50","date_gmt":"2026-03-06T08:14:50","guid":{"rendered":"https:\/\/www.egemtv.com\/?p=92221"},"modified":"2026-03-06T11:14:51","modified_gmt":"2026-03-06T08:14:51","slug":"otomobil-sporlari-yeni-gizli-kahramanlarini-bekliyor","status":"publish","type":"post","link":"https:\/\/www.egemtv.com\/?p=92221","title":{"rendered":"Otomobil sporlar\u0131 yeni gizli kahramanlar\u0131n\u0131 bekliyor"},"content":{"rendered":"<p>T\u00fcrkiye Otomobil Sporlar\u0131 Federasyonu (TOSFED) taraf\u0131ndan d\u00fczenlenen 2026 sezonu g\u00f6zetmen e\u011fitimleri, 15 Mart Pazar g\u00fcn\u00fc Mu\u011fla\u2019da ba\u015flayacak. Otomobil sporlar\u0131 organizasyonlar\u0131nda aktif rol almak isteyen adaylar i\u00e7in d\u00fczenlenecek seminerlerin ilk dura\u011f\u0131 Mu\u011fla olacak.<br \/>\n<br \/>Toplam 12 ilde \u00fccretsiz olarak ger\u00e7ekle\u015ftirilecek e\u011fitim seminerlerinin Mu\u011fla aya\u011f\u0131, 15 Mart 2026 Pazar g\u00fcn\u00fc Mu\u011fla Ticaret ve Sanayi Odas\u0131 Konferans Salonu\u2019nda yap\u0131lacak. TOSFED Mu\u011fla \u0130l G\u00f6zetmen Kurulu liderli\u011finde planlanan program kapsam\u0131nda; saat 10.00\u2019da spora yeni ad\u0131m atacak adaylar i\u00e7in &#8220;Yeni G\u00f6zetmen E\u011fitimi&#8221;, saat 14.00\u2019te ise mevcut g\u00f6zetmenler i\u00e7in &#8220;Terfi E\u011fitimi&#8221; d\u00fczenlenecek.<br \/>\n<br \/>Otomobil sporlar\u0131na ad\u0131m atmak isteyen; 18 ya\u015f\u0131n\u0131 doldurmu\u015f ve en az lise mezunu olan t\u00fcm adaylar\u0131n, saat 09.30\u2019da kimlikleri ile birlikte salonda haz\u0131r bulunarak kay\u0131t i\u015flemlerini tamamlamalar\u0131 gerekecek.<br \/><\/p>\n","protected":false},"excerpt":{"rendered":"<p>T\u00fcrkiye Otomobil Sporlar\u0131 Federasyonu (TOSFED) taraf\u0131ndan d\u00fczenlenen 2026 sezonu g\u00f6zetmen e\u011fitimleri, 15 Mart Pazar g\u00fcn\u00fc Mu\u011fla\u2019da ba\u015flayacak. Otomobil sporlar\u0131 organizasyonlar\u0131nda aktif rol almak isteyen adaylar i\u00e7in d\u00fczenlenecek seminerlerin ilk dura\u011f\u0131 Mu\u011fla olacak. Toplam 12 ilde \u00fccretsiz olarak ger\u00e7ekle\u015ftirilecek e\u011fitim seminerlerinin Mu\u011fla aya\u011f\u0131, 15 Mart 2026 Pazar g\u00fcn\u00fc Mu\u011fla Ticaret ve Sanayi Odas\u0131 Konferans Salonu\u2019nda yap\u0131lacak&#8230;.<\/p>\n","protected":false},"author":1,"featured_media":92222,"comment_status":"open","ping_status":"open","sticky":false,"template":"","format":"standard","meta":{"_crdt_document":"","footnotes":""},"categories":[4],"tags":[],"class_list":["post-92221","post","type-post","status-publish","format-standard","has-post-thumbnail","hentry","category-spor"],"_links":{"self":[{"href":"https:\/\/www.egemtv.com\/index.php?rest_route=\/wp\/v2\/posts\/92221","targetHints":{"allow":["GET"]}}],"collection":[{"href":"https:\/\/www.egemtv.com\/index.php?rest_route=\/wp\/v2\/posts"}],"about":[{"href":"https:\/\/www.egemtv.com\/index.php?rest_route=\/wp\/v2\/types\/post"}],"author":[{"embeddable":true,"href":"https:\/\/www.egemtv.com\/index.php?rest_route=\/wp\/v2\/users\/1"}],"replies":[{"embeddable":true,"href":"https:\/\/www.egemtv.com\/index.php?rest_route=%2Fwp%2Fv2%2Fcomments&post=92221"}],"version-history":[{"count":1,"href":"https:\/\/www.egemtv.com\/index.php?rest_route=\/wp\/v2\/posts\/92221\/revisions"}],"predecessor-version":[{"id":92223,"href":"https:\/\/www.egemtv.com\/index.php?rest_route=\/wp\/v2\/posts\/92221\/revisions\/92223"}],"wp:featuredmedia":[{"embeddable":true,"href":"https:\/\/www.egemtv.com\/index.php?rest_route=\/wp\/v2\/media\/92222"}],"wp:attachment":[{"href":"https:\/\/www.egemtv.com\/index.php?rest_route=%2Fwp%2Fv2%2Fmedia&parent=92221"}],"wp:term":[{"taxonomy":"category","embeddable":true,"href":"https:\/\/www.egemtv.com\/index.php?rest_route=%2Fwp%2Fv2%2Fcategories&post=92221"},{"taxonomy":"post_tag","embeddable":true,"href":"https:\/\/www.egemtv.com\/index.php?rest_route=%2Fwp%2Fv2%2Ftags&post=92221"}],"curies":[{"name":"wp","href":"https:\/\/api.w.org\/{rel}","templated":true}]}}