{"id":92218,"date":"2026-03-06T11:14:49","date_gmt":"2026-03-06T08:14:49","guid":{"rendered":"https:\/\/www.egemtv.com\/?p=92218"},"modified":"2026-03-06T11:14:50","modified_gmt":"2026-03-06T08:14:50","slug":"muglada-ilk-evlenme-yasi-giderek-yukseliyor","status":"publish","type":"post","link":"https:\/\/www.egemtv.com\/?p=92218","title":{"rendered":"Mu\u011fla\u2019da ilk evlenme ya\u015f\u0131 giderek y\u00fckseliyor"},"content":{"rendered":"<p>T\u00fcrkiye \u0130statistik Kurumu (T\u00dc\u0130K) taraf\u0131ndan yay\u0131mlanan 2025 y\u0131l\u0131 evlenme istatistiklerine g\u00f6re Mu\u011fla\u2019da ortalama ilk evlenme ya\u015f\u0131 erkeklerde 29,7, kad\u0131nlarda ise 26,8 olarak kaydedildi. Veriler, kentte bireylerin evlilik karar\u0131n\u0131 \u00f6nceki y\u0131llara g\u00f6re daha ileri ya\u015flarda ald\u0131\u011f\u0131n\u0131 ortaya koydu.<br \/>\n<br \/>A\u00e7\u0131klanan istatistiklere g\u00f6re erkekler ile kad\u0131nlar aras\u0131ndaki ilk evlenme ya\u015f\u0131 fark\u0131 yakla\u015f\u0131k 3 y\u0131l seviyesinde bulunuyor. Bu fark, T\u00fcrkiye genelinde g\u00f6r\u00fclen tabloyla da b\u00fcy\u00fck \u00f6l\u00e7\u00fcde paralellik g\u00f6steriyor. Uzmanlara g\u00f6re e\u011fitim s\u00fcresinin uzamas\u0131, kariyer planlar\u0131, ekonomik \u015fartlar ve bireysel ya\u015fam tercihleri evlenme ya\u015f\u0131n\u0131n y\u00fckselmesinde etkili oluyor.<br \/>\n<br \/>Turizm ve hizmet sekt\u00f6r\u00fcn\u00fcn yo\u011fun oldu\u011fu Mu\u011fla\u2019da \u00f6zellikle gen\u00e7 n\u00fcfusun e\u011fitim ve i\u015f hayat\u0131na daha uzun s\u00fcre odaklanmas\u0131, evlilik ya\u015f\u0131n\u0131n y\u00fckselmesinde belirleyici fakt\u00f6rlerden biri olarak de\u011ferlendiriliyor. Kentte \u00fcniversite mezunu gen\u00e7lerin say\u0131s\u0131n\u0131n artmas\u0131 ve farkl\u0131 \u015fehirlerden gelen \u00e7al\u0131\u015fan n\u00fcfusun yo\u011funlu\u011fu da evlilik kararlar\u0131n\u0131n daha ge\u00e7 al\u0131nmas\u0131na neden olabiliyor.<br \/>\n<br \/>Evlenme ya\u015f\u0131ndaki art\u0131\u015f\u0131n sadece ekonomik fakt\u00f6rlerle de\u011fil, ayn\u0131 zamanda bireylerin e\u011fitim ve kariyer hedeflerinin de\u011fi\u015fmesi, \u015fehirle\u015fmenin artmas\u0131 ve ya\u015fam tarz\u0131ndaki d\u00f6n\u00fc\u015f\u00fcmlerle de yak\u0131ndan ili\u015fkili oldu\u011funu belirtiliyor. \u00d6zellikle turizm merkezlerinde \u00e7al\u0131\u015fan gen\u00e7lerin sezonluk i\u015f temposu ve hareketli sosyal ya\u015fam\u0131 da evlilik planlar\u0131n\u0131n ertelenmesine yol a\u00e7abiliyor.<br \/><\/p>\n","protected":false},"excerpt":{"rendered":"<p>T\u00fcrkiye \u0130statistik Kurumu (T\u00dc\u0130K) taraf\u0131ndan yay\u0131mlanan 2025 y\u0131l\u0131 evlenme istatistiklerine g\u00f6re Mu\u011fla\u2019da ortalama ilk evlenme ya\u015f\u0131 erkeklerde 29,7, kad\u0131nlarda ise 26,8 olarak kaydedildi. Veriler, kentte bireylerin evlilik karar\u0131n\u0131 \u00f6nceki y\u0131llara g\u00f6re daha ileri ya\u015flarda ald\u0131\u011f\u0131n\u0131 ortaya koydu. A\u00e7\u0131klanan istatistiklere g\u00f6re erkekler ile kad\u0131nlar aras\u0131ndaki ilk evlenme ya\u015f\u0131 fark\u0131 yakla\u015f\u0131k 3 y\u0131l seviyesinde bulunuyor. Bu fark,&#8230;<\/p>\n","protected":false},"author":1,"featured_media":92219,"comment_status":"open","ping_status":"open","sticky":false,"template":"","format":"standard","meta":{"_crdt_document":"","footnotes":""},"categories":[123],"tags":[],"class_list":["post-92218","post","type-post","status-publish","format-standard","has-post-thumbnail","hentry","category-gundem"],"_links":{"self":[{"href":"https:\/\/www.egemtv.com\/index.php?rest_route=\/wp\/v2\/posts\/92218","targetHints":{"allow":["GET"]}}],"collection":[{"href":"https:\/\/www.egemtv.com\/index.php?rest_route=\/wp\/v2\/posts"}],"about":[{"href":"https:\/\/www.egemtv.com\/index.php?rest_route=\/wp\/v2\/types\/post"}],"author":[{"embeddable":true,"href":"https:\/\/www.egemtv.com\/index.php?rest_route=\/wp\/v2\/users\/1"}],"replies":[{"embeddable":true,"href":"https:\/\/www.egemtv.com\/index.php?rest_route=%2Fwp%2Fv2%2Fcomments&post=92218"}],"version-history":[{"count":1,"href":"https:\/\/www.egemtv.com\/index.php?rest_route=\/wp\/v2\/posts\/92218\/revisions"}],"predecessor-version":[{"id":92220,"href":"https:\/\/www.egemtv.com\/index.php?rest_route=\/wp\/v2\/posts\/92218\/revisions\/92220"}],"wp:featuredmedia":[{"embeddable":true,"href":"https:\/\/www.egemtv.com\/index.php?rest_route=\/wp\/v2\/media\/92219"}],"wp:attachment":[{"href":"https:\/\/www.egemtv.com\/index.php?rest_route=%2Fwp%2Fv2%2Fmedia&parent=92218"}],"wp:term":[{"taxonomy":"category","embeddable":true,"href":"https:\/\/www.egemtv.com\/index.php?rest_route=%2Fwp%2Fv2%2Fcategories&post=92218"},{"taxonomy":"post_tag","embeddable":true,"href":"https:\/\/www.egemtv.com\/index.php?rest_route=%2Fwp%2Fv2%2Ftags&post=92218"}],"curies":[{"name":"wp","href":"https:\/\/api.w.org\/{rel}","templated":true}]}}