{"id":92215,"date":"2026-03-06T10:54:44","date_gmt":"2026-03-06T07:54:44","guid":{"rendered":"https:\/\/www.egemtv.com\/?p=92215"},"modified":"2026-03-06T10:54:45","modified_gmt":"2026-03-06T07:54:45","slug":"rektor-kibar-universitelerarasi-kurul-toplantisina-katildi","status":"publish","type":"post","link":"https:\/\/www.egemtv.com\/?p=92215","title":{"rendered":"Rekt\u00f6r Kibar \u00dcniversiteleraras\u0131 Kurul Toplant\u0131s\u0131\u2019na kat\u0131ld\u0131"},"content":{"rendered":"<p>Manisa Celal Bayar \u00dcniversitesi Rekt\u00f6r\u00fc Prof. Dr. Rana Kibar\u2019\u0131n da kat\u0131ld\u0131\u011f\u0131 263. \u00dcniversiteleraras\u0131 Kurul Toplant\u0131s\u0131\u2019nda y\u00fcksek\u00f6\u011fretim sistemine ili\u015fkin g\u00fcncel konular, \u00fcniversiteler aras\u0131 i\u015f birli\u011fi, akademik geli\u015fim ve bilimsel \u00fcretkenli\u011fin art\u0131r\u0131lmas\u0131na y\u00f6nelik ba\u015fl\u0131klar ele al\u0131nd\u0131.<br \/>\n<br \/>Manisa Celal Bayar \u00dcniversitesi Rekt\u00f6r\u00fc Prof. Dr. Rana Kibar, y\u00fcksek\u00f6\u011fretim alan\u0131ndaki g\u00fcncel geli\u015fmelerin ele al\u0131nd\u0131\u011f\u0131 263. \u00dcniversiteleraras\u0131 Kurul Toplant\u0131s\u0131\u2019na kat\u0131ld\u0131. T\u00fcrkiye\u2019deki \u00fcniversitelerin rekt\u00f6rlerinin yer ald\u0131\u011f\u0131 toplant\u0131da y\u00fcksek\u00f6\u011fretim sistemine ili\u015fkin g\u00fcncel konular ele al\u0131nd\u0131. \u00dcniversiteler aras\u0131 i\u015f birli\u011finin geli\u015ftirilmesi, akademik geli\u015fim, bilimsel \u00fcretkenli\u011fin art\u0131r\u0131lmas\u0131 ve y\u00fcksek\u00f6\u011fretimin gelece\u011fine y\u00f6nelik stratejik ba\u015fl\u0131klar toplant\u0131n\u0131n ana g\u00fcndem maddeleri aras\u0131nda yer ald\u0131.<br \/>\n<br \/>Toplant\u0131da ayr\u0131ca \u00fcniversitelerin e\u011fitim, ara\u015ft\u0131rma ve toplumsal katk\u0131 alanlar\u0131nda daha etkin rol \u00fcstlenmesine y\u00f6nelik de\u011ferlendirmeler de yap\u0131ld\u0131. Y\u00fcksek\u00f6\u011fretim kurumlar\u0131n\u0131n bilimsel \u00fcretim kapasitesinin art\u0131r\u0131lmas\u0131 ve nitelikli insan kayna\u011f\u0131 yeti\u015ftirilmesi konular\u0131 \u00fczerinde duruldu.<br \/>\n<br \/>Rekt\u00f6r Prof. Dr. Rana Kibar, toplant\u0131n\u0131n y\u00fcksek\u00f6\u011fretim kurumlar\u0131 aras\u0131ndaki koordinasyonun g\u00fc\u00e7lendirilmesi ve ortak politikalar\u0131n geli\u015ftirilmesi a\u00e7\u0131s\u0131ndan \u00f6nemli bir platform oldu\u011funa dikkat \u00e7ekti. \u00dcniversitelerin bilimsel \u00fcretim, nitelikli insan kayna\u011f\u0131 yeti\u015ftirme ve toplumsal kalk\u0131nmaya katk\u0131 sa\u011flama noktas\u0131ndaki sorumluluklar\u0131n\u0131n her ge\u00e7en g\u00fcn artt\u0131\u011f\u0131n\u0131 ifade eden Rekt\u00f6r Kibar, bu t\u00fcr toplant\u0131lar\u0131n y\u00fcksek\u00f6\u011fretim alan\u0131ndaki ortak vizyonun g\u00fc\u00e7lendirilmesine katk\u0131 sundu\u011funu belirtti.<br \/>\n<br \/>\u00dcniversiteleraras\u0131 Kurul Toplant\u0131s\u0131, g\u00fcndem maddelerinin de\u011ferlendirilmesinin ard\u0131ndan kar\u015f\u0131l\u0131kl\u0131 g\u00f6r\u00fc\u015f al\u0131\u015fveri\u015fiyle sona erdi.<br \/><\/p>\n","protected":false},"excerpt":{"rendered":"<p>Manisa Celal Bayar \u00dcniversitesi Rekt\u00f6r\u00fc Prof. Dr. Rana Kibar\u2019\u0131n da kat\u0131ld\u0131\u011f\u0131 263. \u00dcniversiteleraras\u0131 Kurul Toplant\u0131s\u0131\u2019nda y\u00fcksek\u00f6\u011fretim sistemine ili\u015fkin g\u00fcncel konular, \u00fcniversiteler aras\u0131 i\u015f birli\u011fi, akademik geli\u015fim ve bilimsel \u00fcretkenli\u011fin art\u0131r\u0131lmas\u0131na y\u00f6nelik ba\u015fl\u0131klar ele al\u0131nd\u0131. Manisa Celal Bayar \u00dcniversitesi Rekt\u00f6r\u00fc Prof. Dr. Rana Kibar, y\u00fcksek\u00f6\u011fretim alan\u0131ndaki g\u00fcncel geli\u015fmelerin ele al\u0131nd\u0131\u011f\u0131 263. \u00dcniversiteleraras\u0131 Kurul Toplant\u0131s\u0131\u2019na kat\u0131ld\u0131. T\u00fcrkiye\u2019deki&#8230;<\/p>\n","protected":false},"author":1,"featured_media":92216,"comment_status":"open","ping_status":"open","sticky":false,"template":"","format":"standard","meta":{"_crdt_document":"","footnotes":""},"categories":[1],"tags":[],"class_list":["post-92215","post","type-post","status-publish","format-standard","has-post-thumbnail","hentry","category-guncel"],"_links":{"self":[{"href":"https:\/\/www.egemtv.com\/index.php?rest_route=\/wp\/v2\/posts\/92215","targetHints":{"allow":["GET"]}}],"collection":[{"href":"https:\/\/www.egemtv.com\/index.php?rest_route=\/wp\/v2\/posts"}],"about":[{"href":"https:\/\/www.egemtv.com\/index.php?rest_route=\/wp\/v2\/types\/post"}],"author":[{"embeddable":true,"href":"https:\/\/www.egemtv.com\/index.php?rest_route=\/wp\/v2\/users\/1"}],"replies":[{"embeddable":true,"href":"https:\/\/www.egemtv.com\/index.php?rest_route=%2Fwp%2Fv2%2Fcomments&post=92215"}],"version-history":[{"count":1,"href":"https:\/\/www.egemtv.com\/index.php?rest_route=\/wp\/v2\/posts\/92215\/revisions"}],"predecessor-version":[{"id":92217,"href":"https:\/\/www.egemtv.com\/index.php?rest_route=\/wp\/v2\/posts\/92215\/revisions\/92217"}],"wp:featuredmedia":[{"embeddable":true,"href":"https:\/\/www.egemtv.com\/index.php?rest_route=\/wp\/v2\/media\/92216"}],"wp:attachment":[{"href":"https:\/\/www.egemtv.com\/index.php?rest_route=%2Fwp%2Fv2%2Fmedia&parent=92215"}],"wp:term":[{"taxonomy":"category","embeddable":true,"href":"https:\/\/www.egemtv.com\/index.php?rest_route=%2Fwp%2Fv2%2Fcategories&post=92215"},{"taxonomy":"post_tag","embeddable":true,"href":"https:\/\/www.egemtv.com\/index.php?rest_route=%2Fwp%2Fv2%2Ftags&post=92215"}],"curies":[{"name":"wp","href":"https:\/\/api.w.org\/{rel}","templated":true}]}}