{"id":92212,"date":"2026-03-06T10:35:12","date_gmt":"2026-03-06T07:35:12","guid":{"rendered":"https:\/\/www.egemtv.com\/?p=92212"},"modified":"2026-03-06T10:35:14","modified_gmt":"2026-03-06T07:35:14","slug":"merkezefendide-ramazan-aksami-incesaz-ezgileriyle-taclandi","status":"publish","type":"post","link":"https:\/\/www.egemtv.com\/?p=92212","title":{"rendered":"Merkezefendi\u2019de Ramazan ak\u015fam\u0131 \u0130ncesaz ezgileriyle ta\u00e7land\u0131"},"content":{"rendered":"<p>Merkezefendi Belediyesi taraf\u0131ndan Ramazan ay\u0131na \u00f6zel d\u00fczenlenen &#8220;\u0130ncesaz&#8221; konseri, vatanda\u015flara unutulmaz bir m\u00fczik ak\u015fam\u0131 ya\u015fatt\u0131.<\/p>\n<p>K\u00fclt\u00fcr ve sanat etkinliklerini y\u0131l boyunca s\u00fcrd\u00fcren Merkezefendi Belediyesi, Ramazan ay\u0131n\u0131n birlik, beraberlik ve payla\u015fma ruhunu m\u00fczikle ta\u00e7land\u0131rd\u0131. Geleneksel t\u0131n\u0131lar\u0131n ve se\u00e7kin eserlerin yer ald\u0131\u011f\u0131 \u2018\u0130ncesaz\u2019 konserinde, sanatseverler hem huzur dolu hem de keyifli bir gece ge\u00e7irdi. Ramazan ay\u0131n\u0131n manevi atmosferine uygun ezgilerin seslendirildi\u011fi konser program\u0131na Merkezefendi Belediye Ba\u015fkan\u0131 \u015eeniz Do\u011fan, Denizli B\u00fcy\u00fck\u015fehir Belediyesi Ba\u015fkan Vekili Ali Mar\u0131m, meclis \u00fcyeleri, birim m\u00fcd\u00fcrleri, muhtarlar ve \u00e7ok say\u0131da vatanda\u015f kat\u0131l\u0131m sa\u011flad\u0131. Konsere kat\u0131lan vatanda\u015flar Ramazan ay\u0131n\u0131n manevi iklimini hep birlikte ya\u015fad\u0131. Konser sonunda birbirinden g\u00fczel eserler seslendiren \u2018\u0130ncesaz\u2019 ekibi ayakta alk\u0131\u015fland\u0131.<\/p>\n<p>&#8220;Ramazan ay\u0131n\u0131n ve sanat\u0131n birle\u015ftirici g\u00fcc\u00fcn\u00fc Merkezefendi\u2019de ya\u015fat\u0131yoruz&#8221;<br \/>\n<br \/>G\u00f6n\u00fcllere dokunan eserlerle dolu etkinlikte \u0130ncesaz ekibine ve vatanda\u015flara te\u015fekk\u00fcr etti\u011fini belirten Ba\u015fkan Do\u011fan, &#8220;Ramazan ay\u0131n\u0131n o g\u00fczelli\u011fini, birle\u015ftirici g\u00fcc\u00fcn\u00fc, sevgisini ve farkl\u0131 dilini il\u00e7emizin d\u00f6rt bir yan\u0131nda ya\u015fatmaya gayret ediyoruz. O g\u00f6n\u00fcl sofralar\u0131n\u0131 sizlerle birlikte kuruyoruz. Hay\u0131rl\u0131 ramazanlar diliyorum hepinize de. Hep s\u00f6yl\u00fcyoruz belediyeler parklar yap\u0131yor, yollar yap\u0131yor, k\u00f6pr\u00fcler yap\u0131yor ama en \u00f6nemli yat\u0131r\u0131m\u0131n insan oldu\u011funu d\u00fc\u015f\u00fcn\u00fcyoruz. O sanat\u0131n, sporun birle\u015ftirici g\u00fcc\u00fcn\u00fc il\u00e7emizde ya\u015fatmaya gayret ediyoruz. Biz Merkezefendi\u2019de sevgiyi, karde\u015fli\u011fi, birli\u011fi ve beraberli\u011fi tesis etmek istiyoruz. G\u00f6n\u00fcllere girmek istiyoruz. O sevgiyi, enerjiyi sizlerle birlikte kurmak istiyoruz. Ramazan etkinlikleri kapsam\u0131nda g\u00fczel bir konser dinledik&#8221; diye konu\u015ftu.<\/p>\n<p>Programda konu\u015fan Denizli B\u00fcy\u00fck\u015fehir Belediyesi Ba\u015fkan Vekili Ali Mar\u0131m, &#8220;Bug\u00fcn buraya sanat\u0131n o g\u00fczelli\u011fiyle dinlenmeye geldik. Denizli\u2019de kad\u0131n elinin de\u011fdi\u011fi her yerin insanlar taraf\u0131ndan be\u011fenildi\u011finin,  Denizli\u2019deki yapt\u0131\u011f\u0131 i\u015flerle de insana dokunmakla da T\u00fcrkiye\u2019de ayr\u0131 bir g\u00f6r\u00fcnt\u00fcn\u00fcn ayr\u0131 bir g\u00fczelli\u011fin de buradan gitti\u011fini biliyoruz. Denizli olarak T\u00fcrkiye genelinde bizim parlayan y\u0131ld\u0131z\u0131m\u0131z Merkezefendi Belediye Ba\u015fkan\u0131 \u015eeniz Do\u011fan. Dileriz onun gibi kad\u0131n belediye ba\u015fkanlar\u0131m\u0131z\u0131n \u00f6n\u00fcm\u00fczde d\u00f6nemlerde ne kadar artarsa o kadar hizmetlerin daha iyi olaca\u011f\u0131 d\u00fc\u015f\u00fcncesindeyim&#8221; dedi.<br \/><\/p>\n","protected":false},"excerpt":{"rendered":"<p>Merkezefendi Belediyesi taraf\u0131ndan Ramazan ay\u0131na \u00f6zel d\u00fczenlenen &#8220;\u0130ncesaz&#8221; konseri, vatanda\u015flara unutulmaz bir m\u00fczik ak\u015fam\u0131 ya\u015fatt\u0131. K\u00fclt\u00fcr ve sanat etkinliklerini y\u0131l boyunca s\u00fcrd\u00fcren Merkezefendi Belediyesi, Ramazan ay\u0131n\u0131n birlik, beraberlik ve payla\u015fma ruhunu m\u00fczikle ta\u00e7land\u0131rd\u0131. Geleneksel t\u0131n\u0131lar\u0131n ve se\u00e7kin eserlerin yer ald\u0131\u011f\u0131 \u2018\u0130ncesaz\u2019 konserinde, sanatseverler hem huzur dolu hem de keyifli bir gece ge\u00e7irdi. Ramazan ay\u0131n\u0131n manevi&#8230;<\/p>\n","protected":false},"author":1,"featured_media":92213,"comment_status":"open","ping_status":"open","sticky":false,"template":"","format":"standard","meta":{"_crdt_document":"","footnotes":""},"categories":[1],"tags":[],"class_list":["post-92212","post","type-post","status-publish","format-standard","has-post-thumbnail","hentry","category-guncel"],"_links":{"self":[{"href":"https:\/\/www.egemtv.com\/index.php?rest_route=\/wp\/v2\/posts\/92212","targetHints":{"allow":["GET"]}}],"collection":[{"href":"https:\/\/www.egemtv.com\/index.php?rest_route=\/wp\/v2\/posts"}],"about":[{"href":"https:\/\/www.egemtv.com\/index.php?rest_route=\/wp\/v2\/types\/post"}],"author":[{"embeddable":true,"href":"https:\/\/www.egemtv.com\/index.php?rest_route=\/wp\/v2\/users\/1"}],"replies":[{"embeddable":true,"href":"https:\/\/www.egemtv.com\/index.php?rest_route=%2Fwp%2Fv2%2Fcomments&post=92212"}],"version-history":[{"count":1,"href":"https:\/\/www.egemtv.com\/index.php?rest_route=\/wp\/v2\/posts\/92212\/revisions"}],"predecessor-version":[{"id":92214,"href":"https:\/\/www.egemtv.com\/index.php?rest_route=\/wp\/v2\/posts\/92212\/revisions\/92214"}],"wp:featuredmedia":[{"embeddable":true,"href":"https:\/\/www.egemtv.com\/index.php?rest_route=\/wp\/v2\/media\/92213"}],"wp:attachment":[{"href":"https:\/\/www.egemtv.com\/index.php?rest_route=%2Fwp%2Fv2%2Fmedia&parent=92212"}],"wp:term":[{"taxonomy":"category","embeddable":true,"href":"https:\/\/www.egemtv.com\/index.php?rest_route=%2Fwp%2Fv2%2Fcategories&post=92212"},{"taxonomy":"post_tag","embeddable":true,"href":"https:\/\/www.egemtv.com\/index.php?rest_route=%2Fwp%2Fv2%2Ftags&post=92212"}],"curies":[{"name":"wp","href":"https:\/\/api.w.org\/{rel}","templated":true}]}}