{"id":92209,"date":"2026-03-06T10:35:11","date_gmt":"2026-03-06T07:35:11","guid":{"rendered":"https:\/\/www.egemtv.com\/?p=92209"},"modified":"2026-03-06T10:35:12","modified_gmt":"2026-03-06T07:35:12","slug":"kusadasi-belediyesinden-3-bin-500-aileye-ramazan-yardimi","status":"publish","type":"post","link":"https:\/\/www.egemtv.com\/?p=92209","title":{"rendered":"Ku\u015fadas\u0131 Belediyesi\u2019nden 3 bin 500 aileye Ramazan yard\u0131m\u0131"},"content":{"rendered":"<p>Ku\u015fadas\u0131 Belediyesi, Ramazan ay\u0131 dolay\u0131s\u0131yla haz\u0131rlad\u0131\u011f\u0131 g\u0131da yard\u0131m\u0131 paketlerini, ihtiya\u00e7 sahibi ki\u015fi ve ailelerin evlerine ula\u015ft\u0131rmaya ba\u015flad\u0131. G\u0131da kolilerini teslim alan Ku\u015fadal\u0131lar, Ba\u015fkan \u00d6mer G\u00fcnel\u2019e te\u015fekk\u00fcr etti.<\/p>\n<p>Ku\u015fadas\u0131 Belediyesi, Ramazan ay\u0131 nedeniyle ihtiya\u00e7 sahibi ki\u015fi ve aileler i\u00e7in g\u0131da kolisi yard\u0131m\u0131 ba\u015flatt\u0131. Bu kapsamda Ba\u015fkan \u00d6mer G\u00fcnel\u2019in yapt\u0131\u011f\u0131 \u00e7a\u011fr\u0131 \u00fczerine hay\u0131rseverlerin de katk\u0131s\u0131yla Ku\u015fadas\u0131 Belediyesi taraf\u0131ndan 3 bin 500 dayan\u0131\u015fma paketi haz\u0131rland\u0131. \u0130\u00e7erisinde temel g\u0131da maddelerinin bulundu\u011fu paketler, Sosyal Hizmetler M\u00fcd\u00fcrl\u00fc\u011f\u00fc ekipleri taraf\u0131ndan da\u011f\u0131t\u0131m\u0131n ilk g\u00fcn\u00fcnde Alacamescit, Camiatik, \u0130ki\u00e7e\u015fmelik ve Kad\u0131nlar Denizi mahallelerinde oturan ihtiya\u00e7 sahiplerine ula\u015ft\u0131r\u0131ld\u0131.<\/p>\n<p>Paketlerini teslim alan vatanda\u015flar Ramazan ay\u0131nda yap\u0131lan hizmetten duyduklar\u0131 memnuniyeti dile getirip, Ba\u015fkan \u00d6mer G\u00fcnel\u2019e te\u015fekk\u00fcr etti. Ramazan ay\u0131 dolay\u0131s\u0131yla kentin farkl\u0131 mahallelerinde toplam 18 bin ki\u015filik iftar sofras\u0131 kuran Ku\u015fadas\u0131 Belediyesi\u2019nin da\u011f\u0131tt\u0131\u011f\u0131 g\u0131da kolileri, 4 ki\u015filik bir ailenin 1 ayl\u0131k g\u0131da ihtiyac\u0131n\u0131 kar\u015f\u0131layacak \u015fekilde haz\u0131rland\u0131. 23 kalemden olu\u015fan g\u0131da kolilerinin da\u011f\u0131t\u0131m\u0131 Ramazan ay\u0131 boyunca devam edecek.<br \/><\/p>\n","protected":false},"excerpt":{"rendered":"<p>Ku\u015fadas\u0131 Belediyesi, Ramazan ay\u0131 dolay\u0131s\u0131yla haz\u0131rlad\u0131\u011f\u0131 g\u0131da yard\u0131m\u0131 paketlerini, ihtiya\u00e7 sahibi ki\u015fi ve ailelerin evlerine ula\u015ft\u0131rmaya ba\u015flad\u0131. G\u0131da kolilerini teslim alan Ku\u015fadal\u0131lar, Ba\u015fkan \u00d6mer G\u00fcnel\u2019e te\u015fekk\u00fcr etti. Ku\u015fadas\u0131 Belediyesi, Ramazan ay\u0131 nedeniyle ihtiya\u00e7 sahibi ki\u015fi ve aileler i\u00e7in g\u0131da kolisi yard\u0131m\u0131 ba\u015flatt\u0131. Bu kapsamda Ba\u015fkan \u00d6mer G\u00fcnel\u2019in yapt\u0131\u011f\u0131 \u00e7a\u011fr\u0131 \u00fczerine hay\u0131rseverlerin de katk\u0131s\u0131yla Ku\u015fadas\u0131 Belediyesi&#8230;<\/p>\n","protected":false},"author":1,"featured_media":92210,"comment_status":"open","ping_status":"open","sticky":false,"template":"","format":"standard","meta":{"_crdt_document":"","footnotes":""},"categories":[1],"tags":[],"class_list":["post-92209","post","type-post","status-publish","format-standard","has-post-thumbnail","hentry","category-guncel"],"_links":{"self":[{"href":"https:\/\/www.egemtv.com\/index.php?rest_route=\/wp\/v2\/posts\/92209","targetHints":{"allow":["GET"]}}],"collection":[{"href":"https:\/\/www.egemtv.com\/index.php?rest_route=\/wp\/v2\/posts"}],"about":[{"href":"https:\/\/www.egemtv.com\/index.php?rest_route=\/wp\/v2\/types\/post"}],"author":[{"embeddable":true,"href":"https:\/\/www.egemtv.com\/index.php?rest_route=\/wp\/v2\/users\/1"}],"replies":[{"embeddable":true,"href":"https:\/\/www.egemtv.com\/index.php?rest_route=%2Fwp%2Fv2%2Fcomments&post=92209"}],"version-history":[{"count":1,"href":"https:\/\/www.egemtv.com\/index.php?rest_route=\/wp\/v2\/posts\/92209\/revisions"}],"predecessor-version":[{"id":92211,"href":"https:\/\/www.egemtv.com\/index.php?rest_route=\/wp\/v2\/posts\/92209\/revisions\/92211"}],"wp:featuredmedia":[{"embeddable":true,"href":"https:\/\/www.egemtv.com\/index.php?rest_route=\/wp\/v2\/media\/92210"}],"wp:attachment":[{"href":"https:\/\/www.egemtv.com\/index.php?rest_route=%2Fwp%2Fv2%2Fmedia&parent=92209"}],"wp:term":[{"taxonomy":"category","embeddable":true,"href":"https:\/\/www.egemtv.com\/index.php?rest_route=%2Fwp%2Fv2%2Fcategories&post=92209"},{"taxonomy":"post_tag","embeddable":true,"href":"https:\/\/www.egemtv.com\/index.php?rest_route=%2Fwp%2Fv2%2Ftags&post=92209"}],"curies":[{"name":"wp","href":"https:\/\/api.w.org\/{rel}","templated":true}]}}