{"id":92206,"date":"2026-03-06T10:35:10","date_gmt":"2026-03-06T07:35:10","guid":{"rendered":"https:\/\/www.egemtv.com\/?p=92206"},"modified":"2026-03-06T10:35:11","modified_gmt":"2026-03-06T07:35:11","slug":"baskan-erol-atiksu-tesisi-insaatini-inceledi","status":"publish","type":"post","link":"https:\/\/www.egemtv.com\/?p=92206","title":{"rendered":"Ba\u015fkan Erol, At\u0131ksu Tesisi in\u015faat\u0131n\u0131 inceledi"},"content":{"rendered":"<p>Buharkent Belediye Ba\u015fkan\u0131 Mehmet Erol, Buharkent OSB At\u0131ksu Ar\u0131tma Tesisi in\u015faat alan\u0131nda incelemelerde bulundu.<\/p>\n<p>Organize Sanayi B\u00f6lgesi\u2019nin geli\u015fimi i\u00e7in \u00e7al\u0131\u015fmalar\u0131n\u0131 s\u00fcrd\u00fcrd\u00fcklerini ifade eden Ba\u015fkan Erol, &#8220;Belediye Meclis \u00dcyemiz Soner Bilgin ve Organize Sanayi B\u00f6lgesi M\u00fcd\u00fcr\u00fcm\u00fcz Ender Arslan ile birlikte k\u0131sa zaman sonra hizmete a\u00e7aca\u011f\u0131m\u0131z Buharkent OSB At\u0131ksu Ar\u0131tma Tesisi in\u015faat alan\u0131nda incelemelerde bulunarak y\u00fcklenici firma yetkililerinden bilgi ald\u0131k. Buharkent\u2019imizin geli\u015fimi ve Organize Sanayi B\u00f6lgemizin daha g\u00fc\u00e7l\u00fc bir yap\u0131ya kavu\u015fmas\u0131 i\u00e7in yat\u0131r\u0131mlar\u0131m\u0131z\u0131 kararl\u0131l\u0131kla s\u00fcrd\u00fcr\u00fcyoruz&#8221; dedi.<br \/><\/p>\n","protected":false},"excerpt":{"rendered":"<p>Buharkent Belediye Ba\u015fkan\u0131 Mehmet Erol, Buharkent OSB At\u0131ksu Ar\u0131tma Tesisi in\u015faat alan\u0131nda incelemelerde bulundu. Organize Sanayi B\u00f6lgesi\u2019nin geli\u015fimi i\u00e7in \u00e7al\u0131\u015fmalar\u0131n\u0131 s\u00fcrd\u00fcrd\u00fcklerini ifade eden Ba\u015fkan Erol, &#8220;Belediye Meclis \u00dcyemiz Soner Bilgin ve Organize Sanayi B\u00f6lgesi M\u00fcd\u00fcr\u00fcm\u00fcz Ender Arslan ile birlikte k\u0131sa zaman sonra hizmete a\u00e7aca\u011f\u0131m\u0131z Buharkent OSB At\u0131ksu Ar\u0131tma Tesisi in\u015faat alan\u0131nda incelemelerde bulunarak y\u00fcklenici firma&#8230;<\/p>\n","protected":false},"author":1,"featured_media":92207,"comment_status":"open","ping_status":"open","sticky":false,"template":"","format":"standard","meta":{"_crdt_document":"","footnotes":""},"categories":[1],"tags":[],"class_list":["post-92206","post","type-post","status-publish","format-standard","has-post-thumbnail","hentry","category-guncel"],"_links":{"self":[{"href":"https:\/\/www.egemtv.com\/index.php?rest_route=\/wp\/v2\/posts\/92206","targetHints":{"allow":["GET"]}}],"collection":[{"href":"https:\/\/www.egemtv.com\/index.php?rest_route=\/wp\/v2\/posts"}],"about":[{"href":"https:\/\/www.egemtv.com\/index.php?rest_route=\/wp\/v2\/types\/post"}],"author":[{"embeddable":true,"href":"https:\/\/www.egemtv.com\/index.php?rest_route=\/wp\/v2\/users\/1"}],"replies":[{"embeddable":true,"href":"https:\/\/www.egemtv.com\/index.php?rest_route=%2Fwp%2Fv2%2Fcomments&post=92206"}],"version-history":[{"count":1,"href":"https:\/\/www.egemtv.com\/index.php?rest_route=\/wp\/v2\/posts\/92206\/revisions"}],"predecessor-version":[{"id":92208,"href":"https:\/\/www.egemtv.com\/index.php?rest_route=\/wp\/v2\/posts\/92206\/revisions\/92208"}],"wp:featuredmedia":[{"embeddable":true,"href":"https:\/\/www.egemtv.com\/index.php?rest_route=\/wp\/v2\/media\/92207"}],"wp:attachment":[{"href":"https:\/\/www.egemtv.com\/index.php?rest_route=%2Fwp%2Fv2%2Fmedia&parent=92206"}],"wp:term":[{"taxonomy":"category","embeddable":true,"href":"https:\/\/www.egemtv.com\/index.php?rest_route=%2Fwp%2Fv2%2Fcategories&post=92206"},{"taxonomy":"post_tag","embeddable":true,"href":"https:\/\/www.egemtv.com\/index.php?rest_route=%2Fwp%2Fv2%2Ftags&post=92206"}],"curies":[{"name":"wp","href":"https:\/\/api.w.org\/{rel}","templated":true}]}}