{"id":92203,"date":"2026-03-06T10:35:09","date_gmt":"2026-03-06T07:35:09","guid":{"rendered":"https:\/\/www.egemtv.com\/?p=92203"},"modified":"2026-03-06T10:35:09","modified_gmt":"2026-03-06T07:35:09","slug":"cine-barajinda-yuzen-ev","status":"publish","type":"post","link":"https:\/\/www.egemtv.com\/?p=92203","title":{"rendered":"\u00c7ine Baraj\u0131\u2019nda y\u00fczen ev"},"content":{"rendered":"<p>Ayd\u0131n\u2019da sular\u0131n y\u00fckseldi\u011fi \u00c7ine Adnan Menderes Baraj\u0131\u2019nda s\u00fcr\u00fcklenen konteyner baraka ilgin\u00e7 g\u00f6r\u00fcnt\u00fc sundu.<br \/>\n<br \/>\u00c7ine Adnan Menderes Baraj\u0131\u2019nda su seviyesi sevindirici derecede y\u00fckseldi. Son ya\u011f\u0131\u015flar\u0131n ard\u0131ndan barajdaki doluluk oran\u0131n\u0131n artmas\u0131 b\u00f6lge halk\u0131n\u0131 ve \u00e7ift\u00e7ileri memnun etti. Barajda y\u00fckselen su seviyesinin ard\u0131ndan ilgin\u00e7 bir g\u00f6r\u00fcnt\u00fc de ortaya \u00e7\u0131kt\u0131. Bal\u0131k\u00e7\u0131lara ait oldu\u011fu tahmin edilen y\u00fczen bir konteyner baraka, suyun etkisiyle s\u00fcr\u00fcklenerek baraj\u0131n i\u00e7 k\u0131s\u0131mlar\u0131na kadar ilerledi. Baraj \u00e7evresinde bulunan vatanda\u015flarca fark edilen y\u00fczen barakan\u0131n nereden geldi\u011fi merak konusu olurken, g\u00f6r\u00fcnt\u00fcler k\u0131sa s\u00fcrede dikkat \u00e7ekti.<\/p>\n","protected":false},"excerpt":{"rendered":"<p>Ayd\u0131n\u2019da sular\u0131n y\u00fckseldi\u011fi \u00c7ine Adnan Menderes Baraj\u0131\u2019nda s\u00fcr\u00fcklenen konteyner baraka ilgin\u00e7 g\u00f6r\u00fcnt\u00fc sundu. \u00c7ine Adnan Menderes Baraj\u0131\u2019nda su seviyesi sevindirici derecede y\u00fckseldi. Son ya\u011f\u0131\u015flar\u0131n ard\u0131ndan barajdaki doluluk oran\u0131n\u0131n artmas\u0131 b\u00f6lge halk\u0131n\u0131 ve \u00e7ift\u00e7ileri memnun etti. Barajda y\u00fckselen su seviyesinin ard\u0131ndan ilgin\u00e7 bir g\u00f6r\u00fcnt\u00fc de ortaya \u00e7\u0131kt\u0131. Bal\u0131k\u00e7\u0131lara ait oldu\u011fu tahmin edilen y\u00fczen bir konteyner baraka,&#8230;<\/p>\n","protected":false},"author":1,"featured_media":92204,"comment_status":"open","ping_status":"open","sticky":false,"template":"","format":"standard","meta":{"_crdt_document":"","footnotes":""},"categories":[1],"tags":[],"class_list":["post-92203","post","type-post","status-publish","format-standard","has-post-thumbnail","hentry","category-guncel"],"_links":{"self":[{"href":"https:\/\/www.egemtv.com\/index.php?rest_route=\/wp\/v2\/posts\/92203","targetHints":{"allow":["GET"]}}],"collection":[{"href":"https:\/\/www.egemtv.com\/index.php?rest_route=\/wp\/v2\/posts"}],"about":[{"href":"https:\/\/www.egemtv.com\/index.php?rest_route=\/wp\/v2\/types\/post"}],"author":[{"embeddable":true,"href":"https:\/\/www.egemtv.com\/index.php?rest_route=\/wp\/v2\/users\/1"}],"replies":[{"embeddable":true,"href":"https:\/\/www.egemtv.com\/index.php?rest_route=%2Fwp%2Fv2%2Fcomments&post=92203"}],"version-history":[{"count":1,"href":"https:\/\/www.egemtv.com\/index.php?rest_route=\/wp\/v2\/posts\/92203\/revisions"}],"predecessor-version":[{"id":92205,"href":"https:\/\/www.egemtv.com\/index.php?rest_route=\/wp\/v2\/posts\/92203\/revisions\/92205"}],"wp:featuredmedia":[{"embeddable":true,"href":"https:\/\/www.egemtv.com\/index.php?rest_route=\/wp\/v2\/media\/92204"}],"wp:attachment":[{"href":"https:\/\/www.egemtv.com\/index.php?rest_route=%2Fwp%2Fv2%2Fmedia&parent=92203"}],"wp:term":[{"taxonomy":"category","embeddable":true,"href":"https:\/\/www.egemtv.com\/index.php?rest_route=%2Fwp%2Fv2%2Fcategories&post=92203"},{"taxonomy":"post_tag","embeddable":true,"href":"https:\/\/www.egemtv.com\/index.php?rest_route=%2Fwp%2Fv2%2Ftags&post=92203"}],"curies":[{"name":"wp","href":"https:\/\/api.w.org\/{rel}","templated":true}]}}