{"id":92200,"date":"2026-03-06T10:35:07","date_gmt":"2026-03-06T07:35:07","guid":{"rendered":"https:\/\/www.egemtv.com\/?p=92200"},"modified":"2026-03-06T10:35:09","modified_gmt":"2026-03-06T07:35:09","slug":"denizli-ticaret-odasi-s-dunyasini-ayni-salonda-bulusturdu","status":"publish","type":"post","link":"https:\/\/www.egemtv.com\/?p=92200","title":{"rendered":"Denizli Ticaret Odas\u0131 \u015f d\u00fcnyas\u0131n\u0131 ayn\u0131 salonda bulu\u015fturdu"},"content":{"rendered":"<p>Denizli Ticaret Odas\u0131 (DTO); meclis \u00fcyeleri, meslek komiteleri, y\u00fcksek isti\u015fare kurulu ve y\u00f6netim kurulu \u00fcyelerini bulu\u015fturdu\u011fu geleneksel iftar etkinli\u011fini, yo\u011fun bir kat\u0131l\u0131mla ger\u00e7ekle\u015ftirdi.<\/p>\n<p>Bin ki\u015fiyi bir araya getiren organizasyon, samimi bir ortamda ge\u00e7ti; olduk\u00e7a renkli g\u00f6r\u00fcnt\u00fcler ile tad\u0131na doyulmayan sohbetlere sahne oldu. DTO Y\u00f6netim Kurulu Ba\u015fkan\u0131 U\u011fur Erdo\u011fan, iftar yeme\u011finin ard\u0131ndan \u00fcyelerine hitap etti. Odalar\u0131n\u0131n dikkat \u00e7eken ba\u015far\u0131s\u0131n\u0131n, \u00fcyeleri aras\u0131ndaki birlik ve beraberlik ile dayan\u0131\u015fmadan kaynakland\u0131\u011f\u0131n\u0131 s\u00f6yleyerek DTO\u2019nun 24 bin \u00fcyesine te\u015fekk\u00fcr etti.<\/p>\n<p>Denizli i\u015f d\u00fcnyas\u0131, DTO\u2019nun geleneksel iftar yeme\u011fine b\u00fcy\u00fck ilgi g\u00f6sterdi.<br \/>\n<br \/>DTO\u2019nun muhte\u015fem organizasyonu, bin davetliyi Beyaz \u0130nci D\u00fc\u011f\u00fcn Salonunda bir araya getirdi. DTO Ba\u015fkan\u0131 U\u011fur Erdo\u011fan, konuklar\u0131n\u0131 Meclis Ba\u015fkan\u0131 Salih Sar\u0131kaya ve y\u00f6netim kurulu \u00fcyeleri ile kap\u0131da kar\u015f\u0131lad\u0131. Bas\u0131n mensuplar\u0131n\u0131n da kalabal\u0131k bir grup olarak yer ald\u0131\u011f\u0131 etkinlikte, ezan \u00f6ncesi eller semaya a\u00e7\u0131ld\u0131; \u00fclkenin ve milletin b\u00f6l\u00fcnmez birlik ve b\u00fct\u00fcnl\u00fc\u011f\u00fcn\u00fcn devam\u0131 ile DTO \u00fcyesi firmalar\u0131n i\u015flerinin bereketinin artmas\u0131 i\u00e7in toplu halde dua edildi.<\/p>\n<p>Ba\u015fkan Erdo\u011fan b\u00fcy\u00fck hedefleri oldu\u011funa i\u015faret etti<br \/>\n<br \/>Davetlilerin orucunu a\u00e7mas\u0131n\u0131n ard\u0131ndan, DTO Ba\u015fkan\u0131 Erdo\u011fan k\u0131sa bir ho\u015f geldiniz konu\u015fmas\u0131 yapt\u0131. \u00dcyelerinin ramazanlar\u0131n\u0131 kutlad\u0131. En \u00f6nemli faaliyetleri, projeleri ve haz\u0131rl\u0131klar\u0131n\u0131 \u00f6zetledi; dur durak bilmeden i\u015f yapma g\u00fcc\u00fcn\u00fc, 24 bine yakla\u015fan \u00fcyelerinin ilgisinden ve birli\u011finden ald\u0131klar\u0131n\u0131 vurgulad\u0131. 100 y\u0131l\u0131 geride b\u0131rakan odalar\u0131n\u0131n \u015fehirdeki ilklerin mimar\u0131 ve \u00f6nc\u00fcs\u00fc olman\u0131n yan\u0131nda Denizli\u2019nin en b\u00fcy\u00fck ve en etkili sivil toplum kurulu\u015fu oldu\u011funun da alt\u0131n\u0131 \u00e7izdi. Erdo\u011fan, &#8220;Ticaret Odam\u0131z\u0131n \u00e7ok de\u011ferli mensuplar\u0131, k\u0131ymetli han\u0131mefendiler, beyefendiler, geleneksel iftar yeme\u011fimize ho\u015f geldiniz, \u015ferefler verdiniz. De\u011ferli dostlar; Denizli Ticaret Odam\u0131z\u0131n 100 y\u0131ll\u0131k bir tarihi var. Biz de Ticaret Odas\u0131 Ailesi olarak sizlerden ald\u0131\u011f\u0131m\u0131z g\u00fc\u00e7 ile 2025 y\u0131l\u0131n\u0131, ticaret odas\u0131n\u0131n projeler y\u0131l\u0131 olarak ilan etti. 2026 y\u0131l\u0131n\u0131 da buradan projelerimizi hayata ge\u00e7irme y\u0131l\u0131 olarak ilan ediyoruz. Ticaret Odas\u0131n\u0131n \u00e7ok faaliyeti, aktivitesi var. Ticaret Odas\u0131, Denizli\u2019nin en b\u00fcy\u00fck sivil toplum kurulu\u015fu ve \u00f6nc\u00fc olan bir kurum. Ticaret Odas\u0131 binas\u0131n\u0131n ihalesini ger\u00e7ekle\u015ftirdik. Bu sene in\u015fallah yap\u0131m\u0131na ba\u015flay\u0131p 12 ay gibi bir s\u00fcre i\u00e7erisinde de tamamlaman\u0131n ve Denizli\u2019mize sunman\u0131n gayreti i\u00e7erisinde olaca\u011f\u0131z, bunu hedefledik. Yine \u00f6nemli projelerimizden birini daha burada sizlerle payla\u015fmak istiyorum. Bereketler Mahallesinde 300 milyon lira de\u011ferinde bir yerin Milli Emlak Genel M\u00fcd\u00fcrl\u00fc\u011f\u00fcm\u00fczden Ticaret Odam\u0131za tahsis ettik. Burada da teknoloji merkezi kurmay\u0131 planl\u0131yoruz. Bunu da 2026 y\u0131l\u0131nda Denizli\u2019mize hizmet edecek hale getirip \u00e7ocuklar\u0131m\u0131z\u0131n, gen\u00e7lerimizin geli\u015fimine katk\u0131 sa\u011flayacak, onlar\u0131 teknolojiyle donatacak ve ayn\u0131 zamanda onlara sosyal donat\u0131s\u0131 olabilecek bir alan da hediye edece\u011fiz. Yine sizlere Ticaret Odas\u0131 olarak sa\u011flayaca\u011f\u0131m\u0131z en b\u00fcy\u00fck projelerimizden birini de burada ifade etmek isterim&#8230; Denizli biliyorsunuz ihracat \u015fehri, sanayi \u015fehri, turizm ve tar\u0131m \u015fehri. 1.200 d\u00f6n\u00fcml\u00fck bir araziyi daha Milli Emlak Genel M\u00fcd\u00fcrl\u00fc\u011f\u00fcm\u00fcz ile g\u00f6r\u00fc\u015ferek \u015fehrimize kazand\u0131rmak i\u00e7in giri\u015fimde bulunarak 2 tane kooperatif \u00fczerinden yeni yat\u0131r\u0131m alan\u0131 olmas\u0131 i\u015flemini ba\u015flatt\u0131k. Bunlardan bir tanesi T\u00fcrkiye\u2019de \u00f6rnek olacak bir karma g\u0131da sanayi sitesi kurmam\u0131zla ilgili. Model olabilecek bir sanayi sitesi kuraca\u011f\u0131z; t\u00fcm \u00fcretimi, ambalajlamas\u0131 gibi i\u015fin tamam\u0131 bu alanda yap\u0131lacak. \u0130kincisi de geri d\u00f6n\u00fc\u015f\u00fcmle ilgili bir sanayi sitesi. Bunu da in\u015fallah 2026 y\u0131l\u0131nda Denizli\u2019mize kazand\u0131raca\u011f\u0131z. \u015eu an burada toplanan bu salondaki ekip, Denizli ekonomisine can ve y\u00f6n veren b\u00fcy\u00fck ve g\u00fc\u00e7l\u00fc bir kitledir. Her birimiz Denizli ekonomisinin kalk\u0131nmas\u0131nda, sanayide, turizmde ve ticarette eme\u011fi olan, binlerce insana a\u015f ve ekmek veren Ticaret Odas\u0131\u2019n\u0131n mensubudur. Sizin gibi dostlar\u0131mla, abilerimle, b\u00fcy\u00fcklerim ve karde\u015flerimle yol y\u00fcr\u00fcmekten b\u00fcy\u00fck bir mutluluk i\u00e7inde oldu\u011fumu ve b\u00fcy\u00fck bir \u015feref ile onur duydu\u011fumu her yerde s\u00f6yl\u00fcyorum, bir kez de burada ifade etmek isterim. Ramazan ay\u0131m\u0131z m\u00fcbarek olsun. Ramazan birlik, karde\u015flik ve payla\u015fma ay\u0131; Rabbim birli\u011fimizi, karde\u015fli\u011fimizi, dostlu\u011fumuzu, yol arkada\u015fl\u0131\u011f\u0131m\u0131z\u0131 daim etsin. Yakla\u015fan bayram\u0131n\u0131z\u0131 da kutluyorum. Bug\u00fcn buraya yo\u011fun kat\u0131l\u0131m\u0131m\u0131zdan dolay\u0131 da \u00e7ocuklar\u0131m\u0131zdan b\u00fcy\u00fcklerimize kadar her birinize ayr\u0131 ayr\u0131 te\u015fekk\u00fcr ediyorum. \u0130yi ki vars\u0131n\u0131z&#8221; dedi.<\/p>\n<p>\u00c7ocuklar e\u011flendi, b\u00fcy\u00fckler sohbet etti<br \/>\n<br \/>Geceyi \u00e7ocuklar palya\u00e7o ve sahne g\u00f6sterisinin bulundu\u011fu kendilerine \u00f6zel alanda ge\u00e7irirlerken anne babalar\u0131 da i\u015f aleminden d\u00fcnya konjonkt\u00fcr\u00fcne kadar farkl\u0131 konulardaki koyu sohbetlere dal\u0131p de\u011ferlendirdi.<\/p>\n<p>\u00dcyeleri ile etkinlikten bir an\u0131 olarak toplu foto\u011fraf \u00e7ektiren Ba\u015fkan Erdo\u011fan ise bas\u0131n mensuplar\u0131n\u0131n r\u00f6portaj yapma tekliflerini de geri \u00e7evirmedi; duygu ve d\u00fc\u015f\u00fcncelerini payla\u015fmakla kalmad\u0131, g\u00fcndeme dair sorular\u0131n\u0131 da cevaplad\u0131.<br \/><\/p>\n","protected":false},"excerpt":{"rendered":"<p>Denizli Ticaret Odas\u0131 (DTO); meclis \u00fcyeleri, meslek komiteleri, y\u00fcksek isti\u015fare kurulu ve y\u00f6netim kurulu \u00fcyelerini bulu\u015fturdu\u011fu geleneksel iftar etkinli\u011fini, yo\u011fun bir kat\u0131l\u0131mla ger\u00e7ekle\u015ftirdi. Bin ki\u015fiyi bir araya getiren organizasyon, samimi bir ortamda ge\u00e7ti; olduk\u00e7a renkli g\u00f6r\u00fcnt\u00fcler ile tad\u0131na doyulmayan sohbetlere sahne oldu. DTO Y\u00f6netim Kurulu Ba\u015fkan\u0131 U\u011fur Erdo\u011fan, iftar yeme\u011finin ard\u0131ndan \u00fcyelerine hitap etti. Odalar\u0131n\u0131n&#8230;<\/p>\n","protected":false},"author":1,"featured_media":92201,"comment_status":"open","ping_status":"open","sticky":false,"template":"","format":"standard","meta":{"_crdt_document":"","footnotes":""},"categories":[125],"tags":[],"class_list":["post-92200","post","type-post","status-publish","format-standard","has-post-thumbnail","hentry","category-ekonomi"],"_links":{"self":[{"href":"https:\/\/www.egemtv.com\/index.php?rest_route=\/wp\/v2\/posts\/92200","targetHints":{"allow":["GET"]}}],"collection":[{"href":"https:\/\/www.egemtv.com\/index.php?rest_route=\/wp\/v2\/posts"}],"about":[{"href":"https:\/\/www.egemtv.com\/index.php?rest_route=\/wp\/v2\/types\/post"}],"author":[{"embeddable":true,"href":"https:\/\/www.egemtv.com\/index.php?rest_route=\/wp\/v2\/users\/1"}],"replies":[{"embeddable":true,"href":"https:\/\/www.egemtv.com\/index.php?rest_route=%2Fwp%2Fv2%2Fcomments&post=92200"}],"version-history":[{"count":1,"href":"https:\/\/www.egemtv.com\/index.php?rest_route=\/wp\/v2\/posts\/92200\/revisions"}],"predecessor-version":[{"id":92202,"href":"https:\/\/www.egemtv.com\/index.php?rest_route=\/wp\/v2\/posts\/92200\/revisions\/92202"}],"wp:featuredmedia":[{"embeddable":true,"href":"https:\/\/www.egemtv.com\/index.php?rest_route=\/wp\/v2\/media\/92201"}],"wp:attachment":[{"href":"https:\/\/www.egemtv.com\/index.php?rest_route=%2Fwp%2Fv2%2Fmedia&parent=92200"}],"wp:term":[{"taxonomy":"category","embeddable":true,"href":"https:\/\/www.egemtv.com\/index.php?rest_route=%2Fwp%2Fv2%2Fcategories&post=92200"},{"taxonomy":"post_tag","embeddable":true,"href":"https:\/\/www.egemtv.com\/index.php?rest_route=%2Fwp%2Fv2%2Ftags&post=92200"}],"curies":[{"name":"wp","href":"https:\/\/api.w.org\/{rel}","templated":true}]}}