{"id":92197,"date":"2026-03-06T10:35:05","date_gmt":"2026-03-06T07:35:05","guid":{"rendered":"https:\/\/www.egemtv.com\/?p=92197"},"modified":"2026-03-06T10:35:07","modified_gmt":"2026-03-06T07:35:07","slug":"alasehir-killikte-birlik-ve-dayanisma-sofrasi-kuruldu","status":"publish","type":"post","link":"https:\/\/www.egemtv.com\/?p=92197","title":{"rendered":"Ala\u015fehir Killik\u2019te birlik ve dayan\u0131\u015fma sofras\u0131 kuruldu"},"content":{"rendered":"<p>Manisa\u2019n\u0131n Ala\u015fehir il\u00e7esine ba\u011fl\u0131 Killik Mahallesi\u2019nde \u015eehit H\u00fcdaverdi \u00d6zkan Ortaokulu taraf\u0131ndan d\u00fczenlenen iftar program\u0131nda yakla\u015f\u0131k 750 ki\u015fi ayn\u0131 sofrada bulu\u015ftu. Veliler, \u00f6\u011frenciler, \u00f6\u011fretmenler, mahalle sakinleri, protokol \u00fcyeleri ve sivil toplum kurulu\u015fu temsilcilerinin kat\u0131ld\u0131\u011f\u0131 programda Ramazan ay\u0131n\u0131n birlik ve payla\u015fma ruhu ya\u015fand\u0131.<br \/>\n<br \/>Killik \u015eehit H\u00fcdaverdi \u00d6zkan Ortaokulu ve Okul Aile Birli\u011fi\u2019nin organizasyonunda, mahalle muhtarl\u0131\u011f\u0131 ve hay\u0131rsever vatanda\u015flar\u0131n destekleriyle d\u00fczenlenen iftar program\u0131nda yakla\u015f\u0131k 750 ki\u015fiye iftar yeme\u011fi verildi. Veliler, \u00f6\u011fretmenler ve yard\u0131mseverlerin katk\u0131lar\u0131yla haz\u0131rlanan programda Ramazan ay\u0131n\u0131n payla\u015fma ve dayan\u0131\u015fma k\u00fclt\u00fcr\u00fc hep birlikte ya\u015fat\u0131ld\u0131.<br \/>\n<br \/>Killik D\u00fc\u011f\u00fcn Salonu\u2019nda ger\u00e7ekle\u015ftirilen iftar program\u0131na Ala\u015fehir Kaymakam\u0131 Alper Faruk G\u00fcng\u00f6r, \u0130l\u00e7e Jandarma Komutan\u0131 Binba\u015f\u0131 Yal\u00e7\u0131n G\u00f6renci, \u0130l\u00e7e Milli E\u011fitim M\u00fcd\u00fcr\u00fc Fikri \u00c7etinkaya, \u0130l\u00e7e Milli E\u011fitim \u015eube M\u00fcd\u00fcrleri Latif Akg\u00fcn, Yasemin Oral ve Mustafa Y\u0131lmaz, Killik Karakol Komutan\u0131 Jandarma Astsubay K\u0131demli Ba\u015f\u00e7avu\u015f \u015e\u00fckr\u00fc D\u00fcndar, Killik Mahalle Muhtar\u0131 \u015euayip Zeybek\u2019in yan\u0131 s\u0131ra \u00e7e\u015fitli sivil toplum kurulu\u015flar\u0131n\u0131n temsilcileri, okul y\u00f6netimi, \u00f6\u011fretmenler, veliler, \u00f6\u011frenciler ve \u00e7ok say\u0131da mahalle sakini kat\u0131ld\u0131.<br \/>\n<br \/>Programda konu\u015fan Okul M\u00fcd\u00fcr\u00fc Tolga Topal, iftar organizasyonuna katk\u0131 sa\u011flayan herkese te\u015fekk\u00fcr ederek, &#8220;Ramazan ay\u0131n\u0131n birlik, beraberlik ve payla\u015fma duygular\u0131n\u0131 hep birlikte ya\u015fad\u0131\u011f\u0131m\u0131z bu g\u00fczel ak\u015famda bizleri yaln\u0131z b\u0131rakmayan t\u00fcm protokol \u00fcyelerine, \u00f6\u011fretmenlerimize, velilerimize ve \u00f6\u011frencilerimize te\u015fekk\u00fcr ediyorum. Rabbim tuttu\u011fumuz oru\u00e7lar\u0131 kabul eylesin. Birlik ve beraberli\u011fimiz daim olsun.&#8221; dedi.<br \/>\n<br \/>Ramazan ay\u0131n\u0131n manevi atmosferinde ger\u00e7ekle\u015fen iftar program\u0131n\u0131n mahallede birlik ve beraberlik duygular\u0131n\u0131 g\u00fc\u00e7lendirdi\u011fi belirtilirken, program kat\u0131l\u0131mc\u0131lar\u0131n birlikte oru\u00e7 a\u00e7mas\u0131n\u0131n ard\u0131ndan yap\u0131lan sohbetlerle sona erdi.<br \/><\/p>\n","protected":false},"excerpt":{"rendered":"<p>Manisa\u2019n\u0131n Ala\u015fehir il\u00e7esine ba\u011fl\u0131 Killik Mahallesi\u2019nde \u015eehit H\u00fcdaverdi \u00d6zkan Ortaokulu taraf\u0131ndan d\u00fczenlenen iftar program\u0131nda yakla\u015f\u0131k 750 ki\u015fi ayn\u0131 sofrada bulu\u015ftu. Veliler, \u00f6\u011frenciler, \u00f6\u011fretmenler, mahalle sakinleri, protokol \u00fcyeleri ve sivil toplum kurulu\u015fu temsilcilerinin kat\u0131ld\u0131\u011f\u0131 programda Ramazan ay\u0131n\u0131n birlik ve payla\u015fma ruhu ya\u015fand\u0131. Killik \u015eehit H\u00fcdaverdi \u00d6zkan Ortaokulu ve Okul Aile Birli\u011fi\u2019nin organizasyonunda, mahalle muhtarl\u0131\u011f\u0131 ve hay\u0131rsever&#8230;<\/p>\n","protected":false},"author":1,"featured_media":92198,"comment_status":"open","ping_status":"open","sticky":false,"template":"","format":"standard","meta":{"_crdt_document":"","footnotes":""},"categories":[1],"tags":[],"class_list":["post-92197","post","type-post","status-publish","format-standard","has-post-thumbnail","hentry","category-guncel"],"_links":{"self":[{"href":"https:\/\/www.egemtv.com\/index.php?rest_route=\/wp\/v2\/posts\/92197","targetHints":{"allow":["GET"]}}],"collection":[{"href":"https:\/\/www.egemtv.com\/index.php?rest_route=\/wp\/v2\/posts"}],"about":[{"href":"https:\/\/www.egemtv.com\/index.php?rest_route=\/wp\/v2\/types\/post"}],"author":[{"embeddable":true,"href":"https:\/\/www.egemtv.com\/index.php?rest_route=\/wp\/v2\/users\/1"}],"replies":[{"embeddable":true,"href":"https:\/\/www.egemtv.com\/index.php?rest_route=%2Fwp%2Fv2%2Fcomments&post=92197"}],"version-history":[{"count":1,"href":"https:\/\/www.egemtv.com\/index.php?rest_route=\/wp\/v2\/posts\/92197\/revisions"}],"predecessor-version":[{"id":92199,"href":"https:\/\/www.egemtv.com\/index.php?rest_route=\/wp\/v2\/posts\/92197\/revisions\/92199"}],"wp:featuredmedia":[{"embeddable":true,"href":"https:\/\/www.egemtv.com\/index.php?rest_route=\/wp\/v2\/media\/92198"}],"wp:attachment":[{"href":"https:\/\/www.egemtv.com\/index.php?rest_route=%2Fwp%2Fv2%2Fmedia&parent=92197"}],"wp:term":[{"taxonomy":"category","embeddable":true,"href":"https:\/\/www.egemtv.com\/index.php?rest_route=%2Fwp%2Fv2%2Fcategories&post=92197"},{"taxonomy":"post_tag","embeddable":true,"href":"https:\/\/www.egemtv.com\/index.php?rest_route=%2Fwp%2Fv2%2Ftags&post=92197"}],"curies":[{"name":"wp","href":"https:\/\/api.w.org\/{rel}","templated":true}]}}