{"id":92038,"date":"2026-03-05T14:54:54","date_gmt":"2026-03-05T11:54:54","guid":{"rendered":"https:\/\/www.egemtv.com\/?p=92038"},"modified":"2026-03-05T14:54:55","modified_gmt":"2026-03-05T11:54:55","slug":"datca-bademi-yatagandaki-pazar-tezgahlarinda-yerini-aldi","status":"publish","type":"post","link":"https:\/\/www.egemtv.com\/?p=92038","title":{"rendered":"Dat\u00e7a Bademi, Yata\u011fan\u2019daki pazar tezgahlar\u0131nda yerini ald\u0131"},"content":{"rendered":"<p>Dat\u00e7a\u2019n\u0131n me\u015fhur bademinin ilk hasad\u0131 olan \u00e7a\u011fla, Yata\u011fan \u00c7ar\u015famba Pazar\u0131\u2019nda tezgahlar\u0131nda yerini ald\u0131. Bahar\u0131n habercisi olarak bilinen \u00e7a\u011fla badem, pazarda vatanda\u015flar\u0131n ilgisini \u00e7ekerken kilosu bin liradan sat\u0131\u015fa sunuldu.<\/p>\n<p>Pazarda manavl\u0131k yapan \u00d6zg\u00fcr K\u00f6se, sezonun ilk \u00fcr\u00fcnlerinden olan \u00e7a\u011flan\u0131n kilogram fiyat\u0131n\u0131n bin TL oldu\u011funu belirtti. K\u00f6se, \u00e7a\u011flan\u0131n \u00f6zellikle ilk \u00e7\u0131kt\u0131\u011f\u0131 d\u00f6nemde fiyat\u0131n\u0131n y\u00fcksek oldu\u011funu, ilerleyen haftalarda hasad\u0131n artmas\u0131yla birlikte fiyatlar\u0131n d\u00fc\u015febilece\u011fini ifade etti.<br \/>\n<br \/>Dat\u00e7a\u2019dan getirilen taze \u00e7a\u011fla bademler, pazara gelen vatanda\u015flar taraf\u0131ndan merakla incelenirken, baz\u0131 vatanda\u015flar y\u00fcksek fiyat\u0131na ra\u011fmen sezonun ilk \u00fcr\u00fcn\u00fc oldu\u011fu i\u00e7in sat\u0131n ald\u0131.<br \/><\/p>\n","protected":false},"excerpt":{"rendered":"<p>Dat\u00e7a\u2019n\u0131n me\u015fhur bademinin ilk hasad\u0131 olan \u00e7a\u011fla, Yata\u011fan \u00c7ar\u015famba Pazar\u0131\u2019nda tezgahlar\u0131nda yerini ald\u0131. Bahar\u0131n habercisi olarak bilinen \u00e7a\u011fla badem, pazarda vatanda\u015flar\u0131n ilgisini \u00e7ekerken kilosu bin liradan sat\u0131\u015fa sunuldu. Pazarda manavl\u0131k yapan \u00d6zg\u00fcr K\u00f6se, sezonun ilk \u00fcr\u00fcnlerinden olan \u00e7a\u011flan\u0131n kilogram fiyat\u0131n\u0131n bin TL oldu\u011funu belirtti. K\u00f6se, \u00e7a\u011flan\u0131n \u00f6zellikle ilk \u00e7\u0131kt\u0131\u011f\u0131 d\u00f6nemde fiyat\u0131n\u0131n y\u00fcksek oldu\u011funu, ilerleyen haftalarda&#8230;<\/p>\n","protected":false},"author":1,"featured_media":92039,"comment_status":"open","ping_status":"open","sticky":false,"template":"","format":"standard","meta":{"_crdt_document":"","footnotes":""},"categories":[1],"tags":[],"class_list":["post-92038","post","type-post","status-publish","format-standard","has-post-thumbnail","hentry","category-guncel"],"_links":{"self":[{"href":"https:\/\/www.egemtv.com\/index.php?rest_route=\/wp\/v2\/posts\/92038","targetHints":{"allow":["GET"]}}],"collection":[{"href":"https:\/\/www.egemtv.com\/index.php?rest_route=\/wp\/v2\/posts"}],"about":[{"href":"https:\/\/www.egemtv.com\/index.php?rest_route=\/wp\/v2\/types\/post"}],"author":[{"embeddable":true,"href":"https:\/\/www.egemtv.com\/index.php?rest_route=\/wp\/v2\/users\/1"}],"replies":[{"embeddable":true,"href":"https:\/\/www.egemtv.com\/index.php?rest_route=%2Fwp%2Fv2%2Fcomments&post=92038"}],"version-history":[{"count":1,"href":"https:\/\/www.egemtv.com\/index.php?rest_route=\/wp\/v2\/posts\/92038\/revisions"}],"predecessor-version":[{"id":92040,"href":"https:\/\/www.egemtv.com\/index.php?rest_route=\/wp\/v2\/posts\/92038\/revisions\/92040"}],"wp:featuredmedia":[{"embeddable":true,"href":"https:\/\/www.egemtv.com\/index.php?rest_route=\/wp\/v2\/media\/92039"}],"wp:attachment":[{"href":"https:\/\/www.egemtv.com\/index.php?rest_route=%2Fwp%2Fv2%2Fmedia&parent=92038"}],"wp:term":[{"taxonomy":"category","embeddable":true,"href":"https:\/\/www.egemtv.com\/index.php?rest_route=%2Fwp%2Fv2%2Fcategories&post=92038"},{"taxonomy":"post_tag","embeddable":true,"href":"https:\/\/www.egemtv.com\/index.php?rest_route=%2Fwp%2Fv2%2Ftags&post=92038"}],"curies":[{"name":"wp","href":"https:\/\/api.w.org\/{rel}","templated":true}]}}