{"id":92035,"date":"2026-03-05T14:54:53","date_gmt":"2026-03-05T11:54:53","guid":{"rendered":"https:\/\/www.egemtv.com\/?p=92035"},"modified":"2026-03-05T14:54:54","modified_gmt":"2026-03-05T11:54:54","slug":"radikal-egitimden-vali-suleyman-elbana-ziyaret","status":"publish","type":"post","link":"https:\/\/www.egemtv.com\/?p=92035","title":{"rendered":"Radikal E\u011fitim\u2019den Vali S\u00fcleyman Elban\u2019a ziyaret"},"content":{"rendered":"<p>\u0130zmir merkezli k\u00f6kl\u00fc e\u011fitim markalar\u0131ndan Radikal E\u011fitim Kurumlar\u0131 y\u00f6neticileri, \u0130zmir Valisi S\u00fcleyman Elban ve Cumhuriyet Ba\u015fsavc\u0131s\u0131 Ali Yeldan\u2019\u0131 ziyaret ederek, kurum faaliyetleri ve sosyal sorumluluk projeleri hakk\u0131nda bilgilendirmede bulundu.<br \/>\n<br \/>Vali S\u00fcleyman Elban, konuklar\u0131 Radikal E\u011fitim Kurumlar\u0131 Kurucusu Erdal Avc\u0131, Okullar Genel M\u00fcd\u00fcr Yard\u0131mc\u0131s\u0131 Sevi \u015eeneken, Buca Radikal Okullar\u0131 M\u00fcd\u00fcr\u00fc Mehmet Y\u0131lmaz ve Kurumsal \u0130leti\u015fim M\u00fcd\u00fcr\u00fc Ay\u015fe Ceylan\u2019\u0131 makam\u0131nda kabul etti.<br \/>\n<br \/>Ziyarette, Radikal E\u011fitim Kurumlar\u0131 Kurucusu Erdal Avc\u0131 kurumun e\u011fitim vizyonu ve y\u00fcr\u00fctt\u00fc\u011f\u00fc \u00e7al\u0131\u015fmalar hakk\u0131nda kapsaml\u0131 bir bilgi sunarken, b\u00fcnyelerinde faaliyet g\u00f6steren Radikal Okullar\u0131, UZEM Uzaktan E\u011fitim Merkezi ve RA Yurtd\u0131\u015f\u0131 E\u011fitim Dan\u0131\u015fmanl\u0131\u011f\u0131 projelerinden bahsetti. E\u011fitimde s\u00fcrd\u00fcr\u00fclebilir geli\u015fim ve toplumsal katk\u0131 odakl\u0131 \u00e7al\u0131\u015fmalar \u00fczerine sohbet edildi. Yar\u0131n d\u00fczenleyecekleri &#8220;Zirvede Kad\u0131n Var&#8221; etkinli\u011fine ili\u015fkin de bilgi payla\u015f\u0131m\u0131nda bulunan Avc\u0131, Vali S\u00fcleyman Elban\u2019\u0131 etkinli\u011fe davet etti.<br \/>\n<br \/>Radikal E\u011fitim Kurumlar\u0131 Okullar Genel M\u00fcd\u00fcr Yard\u0131mc\u0131s\u0131 Sevi \u015eeneken de, e\u011fitimin yaln\u0131zca akademik ba\u015far\u0131yla s\u0131n\u0131rl\u0131 olmad\u0131\u011f\u0131n\u0131; toplumsal geli\u015fim, f\u0131rsat e\u015fitli\u011fi ve s\u00fcrd\u00fcr\u00fclebilir gelecek vizyonuyla \u015fekillenen projelerin \u00f6nem ta\u015f\u0131d\u0131\u011f\u0131n\u0131 vurgulad\u0131.<\/p>\n<p>\u0130kinci ziyaret Cumhuriyet Ba\u015fsavc\u0131l\u0131\u011f\u0131na<br \/>\n<br \/>Radikal E\u011fitim Kurumlar\u0131 yetkilileri, daha sonra \u0130zmir Cumhuriyet Ba\u015fsavc\u0131s\u0131 Say\u0131n Ali Yeldan\u2019\u0131 makam\u0131nda ziyaret etti. G\u00f6r\u00fc\u015fmede, \u0130zmir Adliyesi \u00f6zelinde planlanan indirim protokol\u00fc ve kamu ile birlikte y\u00fcr\u00fct\u00fclebilecek sosyal sorumluluk projeleri g\u00f6r\u00fc\u015f\u00fcld\u00fc.<br \/>\n<br \/>Kurumdan yap\u0131lan bilgilendirmede, &#8220;Kamu i\u015f birli\u011fiyle toplumsal fayda \u00fcreten projelerde yer almaya ve e\u011fitime de\u011fer katmaya kararl\u0131l\u0131kla devam ediyoruz.&#8221; denildi.<br \/><\/p>\n","protected":false},"excerpt":{"rendered":"<p>\u0130zmir merkezli k\u00f6kl\u00fc e\u011fitim markalar\u0131ndan Radikal E\u011fitim Kurumlar\u0131 y\u00f6neticileri, \u0130zmir Valisi S\u00fcleyman Elban ve Cumhuriyet Ba\u015fsavc\u0131s\u0131 Ali Yeldan\u2019\u0131 ziyaret ederek, kurum faaliyetleri ve sosyal sorumluluk projeleri hakk\u0131nda bilgilendirmede bulundu. Vali S\u00fcleyman Elban, konuklar\u0131 Radikal E\u011fitim Kurumlar\u0131 Kurucusu Erdal Avc\u0131, Okullar Genel M\u00fcd\u00fcr Yard\u0131mc\u0131s\u0131 Sevi \u015eeneken, Buca Radikal Okullar\u0131 M\u00fcd\u00fcr\u00fc Mehmet Y\u0131lmaz ve Kurumsal \u0130leti\u015fim M\u00fcd\u00fcr\u00fc&#8230;<\/p>\n","protected":false},"author":1,"featured_media":92036,"comment_status":"open","ping_status":"open","sticky":false,"template":"","format":"standard","meta":{"_crdt_document":"","footnotes":""},"categories":[1],"tags":[],"class_list":["post-92035","post","type-post","status-publish","format-standard","has-post-thumbnail","hentry","category-guncel"],"_links":{"self":[{"href":"https:\/\/www.egemtv.com\/index.php?rest_route=\/wp\/v2\/posts\/92035","targetHints":{"allow":["GET"]}}],"collection":[{"href":"https:\/\/www.egemtv.com\/index.php?rest_route=\/wp\/v2\/posts"}],"about":[{"href":"https:\/\/www.egemtv.com\/index.php?rest_route=\/wp\/v2\/types\/post"}],"author":[{"embeddable":true,"href":"https:\/\/www.egemtv.com\/index.php?rest_route=\/wp\/v2\/users\/1"}],"replies":[{"embeddable":true,"href":"https:\/\/www.egemtv.com\/index.php?rest_route=%2Fwp%2Fv2%2Fcomments&post=92035"}],"version-history":[{"count":1,"href":"https:\/\/www.egemtv.com\/index.php?rest_route=\/wp\/v2\/posts\/92035\/revisions"}],"predecessor-version":[{"id":92037,"href":"https:\/\/www.egemtv.com\/index.php?rest_route=\/wp\/v2\/posts\/92035\/revisions\/92037"}],"wp:featuredmedia":[{"embeddable":true,"href":"https:\/\/www.egemtv.com\/index.php?rest_route=\/wp\/v2\/media\/92036"}],"wp:attachment":[{"href":"https:\/\/www.egemtv.com\/index.php?rest_route=%2Fwp%2Fv2%2Fmedia&parent=92035"}],"wp:term":[{"taxonomy":"category","embeddable":true,"href":"https:\/\/www.egemtv.com\/index.php?rest_route=%2Fwp%2Fv2%2Fcategories&post=92035"},{"taxonomy":"post_tag","embeddable":true,"href":"https:\/\/www.egemtv.com\/index.php?rest_route=%2Fwp%2Fv2%2Ftags&post=92035"}],"curies":[{"name":"wp","href":"https:\/\/api.w.org\/{rel}","templated":true}]}}