{"id":92032,"date":"2026-03-05T14:14:58","date_gmt":"2026-03-05T11:14:58","guid":{"rendered":"https:\/\/www.egemtv.com\/?p=92032"},"modified":"2026-03-05T14:14:59","modified_gmt":"2026-03-05T11:14:59","slug":"nazilli-belediyesinden-yeni-mahallede-iftar-programi","status":"publish","type":"post","link":"https:\/\/www.egemtv.com\/?p=92032","title":{"rendered":"Nazilli Belediyesi\u2019nden Yeni Mahalle\u2019de iftar program\u0131"},"content":{"rendered":"<p>Nazilli Belediyesi, Ramazan ay\u0131 dolay\u0131s\u0131yla Yeni Mahalle\u2019de geni\u015f kat\u0131l\u0131ml\u0131 bir iftar program\u0131 d\u00fczenledi.<\/p>\n<p>Belediye Ba\u015fkan\u0131 Dr. Ertu\u011frul Tetik\u2019in ev sahipli\u011finde ger\u00e7ekle\u015ftirilen programa belediye meclis \u00fcyeleri, ba\u015fkan yard\u0131mc\u0131lar\u0131, daire m\u00fcd\u00fcrleri, dernek ve sivil toplum kurulu\u015fu temsilcileri, siyasi parti temsilcileri, mahalle muhtarlar\u0131 ve \u00e7ok say\u0131da vatanda\u015f kat\u0131ld\u0131.<\/p>\n<p>Yeni Mahalle Kapal\u0131 Pazaryeri\u2019nde d\u00fczenlenen iftar yeme\u011finde yo\u011funluk ya\u015fanmamas\u0131 i\u00e7in \u00fc\u00e7 ayr\u0131 noktadan yemek da\u011f\u0131t\u0131m\u0131 yap\u0131ld\u0131. Vatanda\u015flar\u0131n yo\u011fun ilgi g\u00f6sterdi\u011fi programda birlik ve beraberlik vurgusu \u00f6ne \u00e7\u0131kt\u0131.<\/p>\n<p>\u0130ftara kat\u0131lan t\u00fcm vatanda\u015flara te\u015fekk\u00fcr eden Ba\u015fkan Tetik, &#8220;Ramazan ay\u0131; birliktir, beraberliktir, payla\u015fmakt\u0131r. Bu ak\u015fam burada olu\u015fumuz da bu dayan\u0131\u015fma ruhunun en g\u00fczel g\u00f6stergesidir. Bizler, g\u00f6reve geldi\u011fimiz g\u00fcnden bu yana Nazilli\u2019de hi\u00e7bir hem\u015fehrimizin kendini yaln\u0131z hissetmemesi i\u00e7in \u00e7al\u0131\u015f\u0131yoruz. Sofralar\u0131m\u0131z\u0131 b\u00fcy\u00fctmeye, g\u00f6n\u00fcllerimizi birle\u015ftirmeye gayret ediyoruz. \u00c7\u00fcnk\u00fc biliyoruz ki g\u00fc\u00e7l\u00fc bir \u015fehir; birbirine omuz veren insanlar\u0131n \u015fehridir. Yenimahalle\u2019de k\u0131ymetli vatanda\u015flar\u0131m\u0131zla bir arada olmak, taleplerini dinlemek, ayn\u0131 sofrada bulu\u015fmak bizler i\u00e7in \u00e7ok de\u011ferli. Nazilli Belediyesi olarak sosyal dayan\u0131\u015fmay\u0131 art\u0131ran, ihtiya\u00e7 sahibi vatanda\u015flar\u0131m\u0131z\u0131n yan\u0131nda olan \u00e7al\u0131\u015fmalar\u0131m\u0131z\u0131 kararl\u0131l\u0131kla s\u00fcrd\u00fcrece\u011fiz&#8221; dedi.<\/p>\n<p>Nazilli Belediyesi Ramazan ay\u0131 boyunca 9 Mart\u2019ta \u015eirinevler Kapal\u0131 Pazar Yeri\u2019nde, 12 Mart\u2019ta Turan Kapal\u0131 Pazar Yeri\u2019nde, 17 Mart\u2019ta ise P\u0131narba\u015f\u0131 Enver Yetkiner Kapal\u0131 Pazaryeri\u2019nde iftar yeme\u011fi verecek.<br \/><\/p>\n","protected":false},"excerpt":{"rendered":"<p>Nazilli Belediyesi, Ramazan ay\u0131 dolay\u0131s\u0131yla Yeni Mahalle\u2019de geni\u015f kat\u0131l\u0131ml\u0131 bir iftar program\u0131 d\u00fczenledi. Belediye Ba\u015fkan\u0131 Dr. Ertu\u011frul Tetik\u2019in ev sahipli\u011finde ger\u00e7ekle\u015ftirilen programa belediye meclis \u00fcyeleri, ba\u015fkan yard\u0131mc\u0131lar\u0131, daire m\u00fcd\u00fcrleri, dernek ve sivil toplum kurulu\u015fu temsilcileri, siyasi parti temsilcileri, mahalle muhtarlar\u0131 ve \u00e7ok say\u0131da vatanda\u015f kat\u0131ld\u0131. Yeni Mahalle Kapal\u0131 Pazaryeri\u2019nde d\u00fczenlenen iftar yeme\u011finde yo\u011funluk ya\u015fanmamas\u0131 i\u00e7in&#8230;<\/p>\n","protected":false},"author":1,"featured_media":92033,"comment_status":"open","ping_status":"open","sticky":false,"template":"","format":"standard","meta":{"_crdt_document":"","footnotes":""},"categories":[1],"tags":[],"class_list":["post-92032","post","type-post","status-publish","format-standard","has-post-thumbnail","hentry","category-guncel"],"_links":{"self":[{"href":"https:\/\/www.egemtv.com\/index.php?rest_route=\/wp\/v2\/posts\/92032","targetHints":{"allow":["GET"]}}],"collection":[{"href":"https:\/\/www.egemtv.com\/index.php?rest_route=\/wp\/v2\/posts"}],"about":[{"href":"https:\/\/www.egemtv.com\/index.php?rest_route=\/wp\/v2\/types\/post"}],"author":[{"embeddable":true,"href":"https:\/\/www.egemtv.com\/index.php?rest_route=\/wp\/v2\/users\/1"}],"replies":[{"embeddable":true,"href":"https:\/\/www.egemtv.com\/index.php?rest_route=%2Fwp%2Fv2%2Fcomments&post=92032"}],"version-history":[{"count":1,"href":"https:\/\/www.egemtv.com\/index.php?rest_route=\/wp\/v2\/posts\/92032\/revisions"}],"predecessor-version":[{"id":92034,"href":"https:\/\/www.egemtv.com\/index.php?rest_route=\/wp\/v2\/posts\/92032\/revisions\/92034"}],"wp:featuredmedia":[{"embeddable":true,"href":"https:\/\/www.egemtv.com\/index.php?rest_route=\/wp\/v2\/media\/92033"}],"wp:attachment":[{"href":"https:\/\/www.egemtv.com\/index.php?rest_route=%2Fwp%2Fv2%2Fmedia&parent=92032"}],"wp:term":[{"taxonomy":"category","embeddable":true,"href":"https:\/\/www.egemtv.com\/index.php?rest_route=%2Fwp%2Fv2%2Fcategories&post=92032"},{"taxonomy":"post_tag","embeddable":true,"href":"https:\/\/www.egemtv.com\/index.php?rest_route=%2Fwp%2Fv2%2Ftags&post=92032"}],"curies":[{"name":"wp","href":"https:\/\/api.w.org\/{rel}","templated":true}]}}