{"id":92029,"date":"2026-03-05T13:54:51","date_gmt":"2026-03-05T10:54:51","guid":{"rendered":"https:\/\/www.egemtv.com\/?p=92029"},"modified":"2026-03-05T13:54:53","modified_gmt":"2026-03-05T10:54:53","slug":"efeler-belediyesinin-sosyal-destek-giyim-noktasi-2-haftada-80-haneye-ulasti","status":"publish","type":"post","link":"https:\/\/www.egemtv.com\/?p=92029","title":{"rendered":"Efeler Belediyesi\u2019nin Sosyal Destek Giyim Noktas\u0131 2 haftada 80 haneye ula\u015ft\u0131"},"content":{"rendered":"<p>Efeler Belediye Ba\u015fkan\u0131 An\u0131l Yeti\u015fkin\u2019in hayata ge\u00e7irdi\u011fi Sosyal Destek Giyim Noktas\u0131, hizmete girdi\u011fi iki hafta i\u00e7inde 80 ihtiya\u00e7 sahibi vatanda\u015fa ula\u015ft\u0131.<br \/>\n<br \/>Belediye Ba\u015fkan\u0131 An\u0131l Yeti\u015fkin\u2019in \u00f6nc\u00fcl\u00fc\u011f\u00fcnde, Ramazan ay\u0131n\u0131n manevi iklimine say\u0131l\u0131 g\u00fcnler kala faaliyete ge\u00e7en Sosyal Destek Giyim Noktas\u0131, iki haftal\u0131k k\u0131sa s\u00fcrede 80 vatanda\u015f\u0131n giyim ihtiyac\u0131n\u0131 modern bir hizmet modeliyle kar\u015f\u0131lad\u0131.<br \/>\n<br \/>Efeler Belediyesi Sosyal Yard\u0131m A\u011f\u0131 (EFESYA) b\u00fcnyesinde \u015fekillenen proje, geleneksel yard\u0131m anlay\u0131\u015f\u0131n\u0131 modern bir konseptle bulu\u015fturuyor. Vatanda\u015flar \u00e7ocuk ve yeti\u015fkin giyimine dair t\u00fcm ihiya\u00e7lar\u0131n\u0131 \u00fccretsiz olarak kar\u015f\u0131layabiliyor.<br \/>\n<br \/>Dayan\u0131\u015fmay\u0131 kurumsal bir disiplinle birle\u015ftirdiklerini ifade eden Efeler Belediye Ba\u015fkan\u0131 An\u0131l Yeti\u015fkin, projenin geldi\u011fi noktadan duydu\u011fu memnuniyeti dile getirerek, &#8220;Bizim \u00f6nceli\u011fimiz, Efeler\u2019de kimsenin kendisini yaln\u0131z hissetmedi\u011fi, herkesin kucakland\u0131\u011f\u0131 bir \u015fehir olu\u015fturmak. Sosyal Destek Giyim Noktas\u0131, bu vizyonun en samimi yans\u0131malar\u0131ndan biri oldu. \u0130ki hafta gibi k\u0131sa bir s\u00fcrede 80 ailemize ula\u015farak, kentin dayan\u0131\u015fma ruhunu harekete ge\u00e7irdik. Yard\u0131mseverler vatanda\u015flar\u0131m\u0131z\u0131n ula\u015ft\u0131rd\u0131\u011f\u0131 emanetlerini, yeni sahiplerine en \u015f\u0131k ve en nazik \u015fekilde teslim etmeye devam edece\u011fiz&#8221; dedi.<br \/>\n<br \/>Merkezden destek alan vatanda\u015flar, uygulaman\u0131n kapsay\u0131c\u0131l\u0131\u011f\u0131ndan ve sunulan hizmetin kalitesinden dolay\u0131 Ba\u015fkan Yeti\u015fkin ve belediye ekiplerine te\u015fekk\u00fcr etti.<br \/>\n<br \/>Sosyal Destek Giyim Noktas\u0131\u2019ndan yararlanmak isteyen vatanda\u015flar; Efe Masa, Efemobil uygulamas\u0131, 444 80 09 numaral\u0131 \u00e7a\u011fr\u0131 merkezi hatt\u0131 \u00fczerinden ba\u015fvurular\u0131n\u0131 kolayca ger\u00e7ekle\u015ftirebiliyor.<br \/><\/p>\n","protected":false},"excerpt":{"rendered":"<p>Efeler Belediye Ba\u015fkan\u0131 An\u0131l Yeti\u015fkin\u2019in hayata ge\u00e7irdi\u011fi Sosyal Destek Giyim Noktas\u0131, hizmete girdi\u011fi iki hafta i\u00e7inde 80 ihtiya\u00e7 sahibi vatanda\u015fa ula\u015ft\u0131. Belediye Ba\u015fkan\u0131 An\u0131l Yeti\u015fkin\u2019in \u00f6nc\u00fcl\u00fc\u011f\u00fcnde, Ramazan ay\u0131n\u0131n manevi iklimine say\u0131l\u0131 g\u00fcnler kala faaliyete ge\u00e7en Sosyal Destek Giyim Noktas\u0131, iki haftal\u0131k k\u0131sa s\u00fcrede 80 vatanda\u015f\u0131n giyim ihtiyac\u0131n\u0131 modern bir hizmet modeliyle kar\u015f\u0131lad\u0131. Efeler Belediyesi Sosyal&#8230;<\/p>\n","protected":false},"author":1,"featured_media":92030,"comment_status":"open","ping_status":"open","sticky":false,"template":"","format":"standard","meta":{"_crdt_document":"","footnotes":""},"categories":[1],"tags":[],"class_list":["post-92029","post","type-post","status-publish","format-standard","has-post-thumbnail","hentry","category-guncel"],"_links":{"self":[{"href":"https:\/\/www.egemtv.com\/index.php?rest_route=\/wp\/v2\/posts\/92029","targetHints":{"allow":["GET"]}}],"collection":[{"href":"https:\/\/www.egemtv.com\/index.php?rest_route=\/wp\/v2\/posts"}],"about":[{"href":"https:\/\/www.egemtv.com\/index.php?rest_route=\/wp\/v2\/types\/post"}],"author":[{"embeddable":true,"href":"https:\/\/www.egemtv.com\/index.php?rest_route=\/wp\/v2\/users\/1"}],"replies":[{"embeddable":true,"href":"https:\/\/www.egemtv.com\/index.php?rest_route=%2Fwp%2Fv2%2Fcomments&post=92029"}],"version-history":[{"count":1,"href":"https:\/\/www.egemtv.com\/index.php?rest_route=\/wp\/v2\/posts\/92029\/revisions"}],"predecessor-version":[{"id":92031,"href":"https:\/\/www.egemtv.com\/index.php?rest_route=\/wp\/v2\/posts\/92029\/revisions\/92031"}],"wp:featuredmedia":[{"embeddable":true,"href":"https:\/\/www.egemtv.com\/index.php?rest_route=\/wp\/v2\/media\/92030"}],"wp:attachment":[{"href":"https:\/\/www.egemtv.com\/index.php?rest_route=%2Fwp%2Fv2%2Fmedia&parent=92029"}],"wp:term":[{"taxonomy":"category","embeddable":true,"href":"https:\/\/www.egemtv.com\/index.php?rest_route=%2Fwp%2Fv2%2Fcategories&post=92029"},{"taxonomy":"post_tag","embeddable":true,"href":"https:\/\/www.egemtv.com\/index.php?rest_route=%2Fwp%2Fv2%2Ftags&post=92029"}],"curies":[{"name":"wp","href":"https:\/\/api.w.org\/{rel}","templated":true}]}}