{"id":92026,"date":"2026-03-05T13:54:50","date_gmt":"2026-03-05T10:54:50","guid":{"rendered":"https:\/\/www.egemtv.com\/?p=92026"},"modified":"2026-03-05T13:54:51","modified_gmt":"2026-03-05T10:54:51","slug":"alasehirli-karatecilerden-67-madalyalik-buyuk-basari","status":"publish","type":"post","link":"https:\/\/www.egemtv.com\/?p=92026","title":{"rendered":"Ala\u015fehirli karatecilerden 67 madalyal\u0131k b\u00fcy\u00fck ba\u015far\u0131"},"content":{"rendered":"<p>Manisa\u2019da d\u00fczenlenen Minik Y\u0131ld\u0131zlar T\u00fcrkiye Karate \u015eampiyonas\u0131 se\u00e7melerinde m\u00fccadele eden Ala\u015fehir Belediyespor Karate Tak\u0131m\u0131, toplam 67 madalya kazanarak b\u00fcy\u00fck bir ba\u015far\u0131ya imza att\u0131.<br \/>\n<br \/>Manisa\u2019da d\u00fczenlenen Minik Y\u0131ld\u0131zlar T\u00fcrkiye Karate \u015eampiyonas\u0131 se\u00e7melerinde Ala\u015fehir Belediyespor Karate Tak\u0131m\u0131 28 birincilik, 17 ikincilik ve 23 \u00fc\u00e7\u00fcnc\u00fcl\u00fck elde ederek toplam 67 madalya kazand\u0131. Ba\u015far\u0131l\u0131 sporcular Antalya\u2019daki T\u00fcrkiye \u015eampiyonas\u0131\u2019na kat\u0131lma hakk\u0131 elde etti.<br \/>\n<br \/>Manisa Atat\u00fcrk Kapal\u0131 Spor Salonu\u2019nda 3-4 Mart tarihlerinde ger\u00e7ekle\u015ftirilen se\u00e7melerde tatamiye \u00e7\u0131kan Ala\u015fehirli sporcular, g\u00f6sterdikleri \u00fcst\u00fcn performansla hem il\u00e7elerine hem de Manisa\u2019ya gurur ya\u015fatt\u0131.<br \/>\n<br \/>Se\u00e7melerde 23 alt\u0131n, 14 g\u00fcm\u00fc\u015f ve 12 bronz madalya kazanan sporcular, okul se\u00e7melerinde ise 4 birincilik, 3 ikincilik ve 8 \u00fc\u00e7\u00fcnc\u00fcl\u00fck elde etti. Ayr\u0131ca 12-13 ya\u015f kategorisi ve VKF Gen\u00e7lik Ligi se\u00e7melerinde de 1 alt\u0131n ve 2 bronz madalya kazan\u0131ld\u0131. 2017-2018 k\u0131z ve erkek tak\u0131m katada 1. olurken, 2012-2013 erkek kata tak\u0131m\u0131 da 1. olarak b\u00fcy\u00fck bir ba\u015far\u0131 elde etti.<br \/>\n<br \/>Toplamda 28 birincilik, 17 ikincilik ve 23 \u00fc\u00e7\u00fcnc\u00fcl\u00fck elde eden Ala\u015fehir Belediyespor Karate Tak\u0131m\u0131, organizasyonu 67 madalya ile tamamlayarak dikkat \u00e7ekici bir ba\u015far\u0131ya ula\u015ft\u0131. Bu sonu\u00e7larla bir\u00e7ok sporcu, 24-29 Mart tarihlerinde Antalya\u2019da d\u00fczenlenecek Minik Y\u0131ld\u0131zlar T\u00fcrkiye Karate \u015eampiyonas\u0131\u2019na kat\u0131lma hakk\u0131 kazand\u0131.<br \/>\n<br \/>Tak\u0131m\u0131n ba\u015far\u0131s\u0131nda eme\u011fi bulunan Milli Tak\u0131m Antren\u00f6r\u00fc Bilal G\u00fcltekin, sporcular\u0131n disiplinli \u00e7al\u0131\u015fmas\u0131n\u0131n bu ba\u015far\u0131y\u0131 getirdi\u011fini belirterek, &#8220;Sporcular\u0131m\u0131z\u0131n azmi ve \u00e7al\u0131\u015fkanl\u0131\u011f\u0131 bizleri gururland\u0131rd\u0131. T\u00fcrkiye \u015eampiyonas\u0131\u2019nda da Ala\u015fehir\u2019i en iyi \u015fekilde temsil edeceklerine inan\u0131yorum.&#8221; dedi.<br \/>\n<br \/>\u00d6te yandan Ala\u015fehir Belediye Ba\u015fkan\u0131 Ahmet \u00d6k\u00fczc\u00fco\u011flu\u2019nun spora verdi\u011fi desteklerin de ba\u015far\u0131da \u00f6nemli rol oynad\u0131\u011f\u0131n\u0131 ifade eden Antren\u00f6r Bilal G\u00fcltekin, Ba\u015fkan \u00d6k\u00fczc\u00fco\u011flu\u2019na maddi ve manevi desteklerinden dolay\u0131 te\u015fekk\u00fcr ederek, gen\u00e7 sporcular\u0131n geli\u015fimine katk\u0131 sa\u011flayan desteklerin ba\u015far\u0131y\u0131 art\u0131rd\u0131\u011f\u0131n\u0131 vurgulad\u0131.<br \/><\/p>\n","protected":false},"excerpt":{"rendered":"<p>Manisa\u2019da d\u00fczenlenen Minik Y\u0131ld\u0131zlar T\u00fcrkiye Karate \u015eampiyonas\u0131 se\u00e7melerinde m\u00fccadele eden Ala\u015fehir Belediyespor Karate Tak\u0131m\u0131, toplam 67 madalya kazanarak b\u00fcy\u00fck bir ba\u015far\u0131ya imza att\u0131. Manisa\u2019da d\u00fczenlenen Minik Y\u0131ld\u0131zlar T\u00fcrkiye Karate \u015eampiyonas\u0131 se\u00e7melerinde Ala\u015fehir Belediyespor Karate Tak\u0131m\u0131 28 birincilik, 17 ikincilik ve 23 \u00fc\u00e7\u00fcnc\u00fcl\u00fck elde ederek toplam 67 madalya kazand\u0131. Ba\u015far\u0131l\u0131 sporcular Antalya\u2019daki T\u00fcrkiye \u015eampiyonas\u0131\u2019na kat\u0131lma hakk\u0131&#8230;<\/p>\n","protected":false},"author":1,"featured_media":92027,"comment_status":"open","ping_status":"open","sticky":false,"template":"","format":"standard","meta":{"_crdt_document":"","footnotes":""},"categories":[4],"tags":[],"class_list":["post-92026","post","type-post","status-publish","format-standard","has-post-thumbnail","hentry","category-spor"],"_links":{"self":[{"href":"https:\/\/www.egemtv.com\/index.php?rest_route=\/wp\/v2\/posts\/92026","targetHints":{"allow":["GET"]}}],"collection":[{"href":"https:\/\/www.egemtv.com\/index.php?rest_route=\/wp\/v2\/posts"}],"about":[{"href":"https:\/\/www.egemtv.com\/index.php?rest_route=\/wp\/v2\/types\/post"}],"author":[{"embeddable":true,"href":"https:\/\/www.egemtv.com\/index.php?rest_route=\/wp\/v2\/users\/1"}],"replies":[{"embeddable":true,"href":"https:\/\/www.egemtv.com\/index.php?rest_route=%2Fwp%2Fv2%2Fcomments&post=92026"}],"version-history":[{"count":1,"href":"https:\/\/www.egemtv.com\/index.php?rest_route=\/wp\/v2\/posts\/92026\/revisions"}],"predecessor-version":[{"id":92028,"href":"https:\/\/www.egemtv.com\/index.php?rest_route=\/wp\/v2\/posts\/92026\/revisions\/92028"}],"wp:featuredmedia":[{"embeddable":true,"href":"https:\/\/www.egemtv.com\/index.php?rest_route=\/wp\/v2\/media\/92027"}],"wp:attachment":[{"href":"https:\/\/www.egemtv.com\/index.php?rest_route=%2Fwp%2Fv2%2Fmedia&parent=92026"}],"wp:term":[{"taxonomy":"category","embeddable":true,"href":"https:\/\/www.egemtv.com\/index.php?rest_route=%2Fwp%2Fv2%2Fcategories&post=92026"},{"taxonomy":"post_tag","embeddable":true,"href":"https:\/\/www.egemtv.com\/index.php?rest_route=%2Fwp%2Fv2%2Ftags&post=92026"}],"curies":[{"name":"wp","href":"https:\/\/api.w.org\/{rel}","templated":true}]}}