{"id":92023,"date":"2026-03-05T13:54:49","date_gmt":"2026-03-05T10:54:49","guid":{"rendered":"https:\/\/www.egemtv.com\/?p=92023"},"modified":"2026-03-05T13:54:50","modified_gmt":"2026-03-05T10:54:50","slug":"beton-mikserinin-carptigi-yaya-hayatini-kaybetti","status":"publish","type":"post","link":"https:\/\/www.egemtv.com\/?p=92023","title":{"rendered":"Beton mikserinin \u00e7arpt\u0131\u011f\u0131 yaya hayat\u0131n\u0131 kaybetti"},"content":{"rendered":"<p>Mu\u011fla\u2019n\u0131n Bodrum il\u00e7esinde beton mikserinin \u00e7arpt\u0131\u011f\u0131 ya\u015fl\u0131 adam hayat\u0131n\u0131 kaybetti.<br \/>\n<br \/>Edinilen bilgiye g\u00f6re, bug\u00fcn \u00f6\u011fle saatlerinde Torba Mahallesi Muhtarl\u0131\u011f\u0131 \u00f6n\u00fcnde yolun kar\u015f\u0131s\u0131na ge\u00e7meye \u00e7al\u0131\u015fan Murat Murathano\u011flu\u2019na (79) G\u00f6lk\u00f6y istikametinden Torba Kav\u015fa\u011f\u0131 y\u00f6n\u00fcne seyreden beton mikseri \u00e7arpt\u0131. \u0130hbar\u0131n ard\u0131ndan olay yerine 112 Acil Sa\u011fl\u0131k, polis ve itfaiye ekipleri sevk edildi. Yap\u0131lan kontrollerde Murathano\u011flu\u2019nun hayat\u0131n\u0131 kaybetti\u011fi belirlendi. Mikser s\u00fcr\u00fcc\u00fcs\u00fc M.A. g\u00f6zalt\u0131na al\u0131n\u0131rken, kazayla ilgili soru\u015fturma ba\u015flat\u0131ld\u0131.<br \/><\/p>\n","protected":false},"excerpt":{"rendered":"<p>Mu\u011fla\u2019n\u0131n Bodrum il\u00e7esinde beton mikserinin \u00e7arpt\u0131\u011f\u0131 ya\u015fl\u0131 adam hayat\u0131n\u0131 kaybetti. Edinilen bilgiye g\u00f6re, bug\u00fcn \u00f6\u011fle saatlerinde Torba Mahallesi Muhtarl\u0131\u011f\u0131 \u00f6n\u00fcnde yolun kar\u015f\u0131s\u0131na ge\u00e7meye \u00e7al\u0131\u015fan Murat Murathano\u011flu\u2019na (79) G\u00f6lk\u00f6y istikametinden Torba Kav\u015fa\u011f\u0131 y\u00f6n\u00fcne seyreden beton mikseri \u00e7arpt\u0131. \u0130hbar\u0131n ard\u0131ndan olay yerine 112 Acil Sa\u011fl\u0131k, polis ve itfaiye ekipleri sevk edildi. Yap\u0131lan kontrollerde Murathano\u011flu\u2019nun hayat\u0131n\u0131 kaybetti\u011fi belirlendi&#8230;.<\/p>\n","protected":false},"author":1,"featured_media":92024,"comment_status":"open","ping_status":"open","sticky":false,"template":"","format":"standard","meta":{"_crdt_document":"","footnotes":""},"categories":[5],"tags":[],"class_list":["post-92023","post","type-post","status-publish","format-standard","has-post-thumbnail","hentry","category-asayis"],"_links":{"self":[{"href":"https:\/\/www.egemtv.com\/index.php?rest_route=\/wp\/v2\/posts\/92023","targetHints":{"allow":["GET"]}}],"collection":[{"href":"https:\/\/www.egemtv.com\/index.php?rest_route=\/wp\/v2\/posts"}],"about":[{"href":"https:\/\/www.egemtv.com\/index.php?rest_route=\/wp\/v2\/types\/post"}],"author":[{"embeddable":true,"href":"https:\/\/www.egemtv.com\/index.php?rest_route=\/wp\/v2\/users\/1"}],"replies":[{"embeddable":true,"href":"https:\/\/www.egemtv.com\/index.php?rest_route=%2Fwp%2Fv2%2Fcomments&post=92023"}],"version-history":[{"count":1,"href":"https:\/\/www.egemtv.com\/index.php?rest_route=\/wp\/v2\/posts\/92023\/revisions"}],"predecessor-version":[{"id":92025,"href":"https:\/\/www.egemtv.com\/index.php?rest_route=\/wp\/v2\/posts\/92023\/revisions\/92025"}],"wp:featuredmedia":[{"embeddable":true,"href":"https:\/\/www.egemtv.com\/index.php?rest_route=\/wp\/v2\/media\/92024"}],"wp:attachment":[{"href":"https:\/\/www.egemtv.com\/index.php?rest_route=%2Fwp%2Fv2%2Fmedia&parent=92023"}],"wp:term":[{"taxonomy":"category","embeddable":true,"href":"https:\/\/www.egemtv.com\/index.php?rest_route=%2Fwp%2Fv2%2Fcategories&post=92023"},{"taxonomy":"post_tag","embeddable":true,"href":"https:\/\/www.egemtv.com\/index.php?rest_route=%2Fwp%2Fv2%2Ftags&post=92023"}],"curies":[{"name":"wp","href":"https:\/\/api.w.org\/{rel}","templated":true}]}}