{"id":92020,"date":"2026-03-05T13:34:54","date_gmt":"2026-03-05T10:34:54","guid":{"rendered":"https:\/\/www.egemtv.com\/?p=92020"},"modified":"2026-03-05T13:34:56","modified_gmt":"2026-03-05T10:34:56","slug":"selcukta-lise-ogrencilerine-guvenli-internet-semineri","status":"publish","type":"post","link":"https:\/\/www.egemtv.com\/?p=92020","title":{"rendered":"Sel\u00e7uk\u2019ta lise \u00f6\u011frencilerine g\u00fcvenli internet semineri"},"content":{"rendered":"<p>\u0130zmir\u2019in Sel\u00e7uk il\u00e7esinde lise \u00f6\u011frencilerine y\u00f6nelik &#8220;S\u0130BERAY Projesi&#8221; kapsam\u0131nda g\u00fcvenli internet kullan\u0131m\u0131 semineri d\u00fczenlendi. E\u011fitimde gen\u00e7lerin dijital d\u00fcnyadaki tehlikelere kar\u015f\u0131 bilin\u00e7lendirilmesi ama\u00e7land\u0131.<br \/>\n<br \/>\u0130zmir \u0130l Milli E\u011fitim M\u00fcd\u00fcrl\u00fc\u011f\u00fc ve \u0130zmir \u0130l Emniyet M\u00fcd\u00fcrl\u00fc\u011f\u00fc Siber Su\u00e7larla M\u00fccadele \u015eubesi i\u015f birli\u011fiyle y\u00fcr\u00fct\u00fclen e\u011fitim 9. s\u0131n\u0131f \u00f6\u011frencilerine verildi. Uzman ekipler taraf\u0131ndan ger\u00e7ekle\u015ftirilen seminerde teknoloji ba\u011f\u0131ml\u0131l\u0131\u011f\u0131, siber zorbal\u0131k, bilgi kirlili\u011fi ve ki\u015fisel veri g\u00fcvenli\u011fi konular\u0131 ele al\u0131nd\u0131. \u00d6\u011frencilere g\u00fcncel siber tehditler hakk\u0131nda somut \u00f6rnekler \u00fczerinden bilgilendirme yap\u0131ld\u0131. Oltalama, kart kopyalama ve hediye \u00e7eki doland\u0131r\u0131c\u0131l\u0131\u011f\u0131 gibi y\u00f6ntemlere kar\u015f\u0131 korunma yollar\u0131 aktar\u0131ld\u0131.<br \/>\n<br \/>Sel\u00e7uk \u0130l\u00e7e Milli E\u011fitim M\u00fcd\u00fcr\u00fc Ali Serkan Atlan, dijital okuryazarl\u0131\u011f\u0131n \u00f6nemine dikkat \u00e7ekti. Atlan, &#8220;\u00d6\u011frencilerimizin dijital d\u00fcnyada g\u00fcvenli ve bilin\u00e7li bireyler olarak yeti\u015fmelerine katk\u0131 sa\u011flayan bu t\u00fcr fark\u0131ndal\u0131k \u00e7al\u0131\u015fmalar\u0131n\u0131 \u00f6nemsiyor ve destekliyoruz.&#8221; dedi.<br \/><\/p>\n","protected":false},"excerpt":{"rendered":"<p>\u0130zmir\u2019in Sel\u00e7uk il\u00e7esinde lise \u00f6\u011frencilerine y\u00f6nelik &#8220;S\u0130BERAY Projesi&#8221; kapsam\u0131nda g\u00fcvenli internet kullan\u0131m\u0131 semineri d\u00fczenlendi. E\u011fitimde gen\u00e7lerin dijital d\u00fcnyadaki tehlikelere kar\u015f\u0131 bilin\u00e7lendirilmesi ama\u00e7land\u0131. \u0130zmir \u0130l Milli E\u011fitim M\u00fcd\u00fcrl\u00fc\u011f\u00fc ve \u0130zmir \u0130l Emniyet M\u00fcd\u00fcrl\u00fc\u011f\u00fc Siber Su\u00e7larla M\u00fccadele \u015eubesi i\u015f birli\u011fiyle y\u00fcr\u00fct\u00fclen e\u011fitim 9. s\u0131n\u0131f \u00f6\u011frencilerine verildi. Uzman ekipler taraf\u0131ndan ger\u00e7ekle\u015ftirilen seminerde teknoloji ba\u011f\u0131ml\u0131l\u0131\u011f\u0131, siber zorbal\u0131k, bilgi kirlili\u011fi&#8230;<\/p>\n","protected":false},"author":1,"featured_media":92021,"comment_status":"open","ping_status":"open","sticky":false,"template":"","format":"standard","meta":{"_crdt_document":"","footnotes":""},"categories":[1],"tags":[],"class_list":["post-92020","post","type-post","status-publish","format-standard","has-post-thumbnail","hentry","category-guncel"],"_links":{"self":[{"href":"https:\/\/www.egemtv.com\/index.php?rest_route=\/wp\/v2\/posts\/92020","targetHints":{"allow":["GET"]}}],"collection":[{"href":"https:\/\/www.egemtv.com\/index.php?rest_route=\/wp\/v2\/posts"}],"about":[{"href":"https:\/\/www.egemtv.com\/index.php?rest_route=\/wp\/v2\/types\/post"}],"author":[{"embeddable":true,"href":"https:\/\/www.egemtv.com\/index.php?rest_route=\/wp\/v2\/users\/1"}],"replies":[{"embeddable":true,"href":"https:\/\/www.egemtv.com\/index.php?rest_route=%2Fwp%2Fv2%2Fcomments&post=92020"}],"version-history":[{"count":1,"href":"https:\/\/www.egemtv.com\/index.php?rest_route=\/wp\/v2\/posts\/92020\/revisions"}],"predecessor-version":[{"id":92022,"href":"https:\/\/www.egemtv.com\/index.php?rest_route=\/wp\/v2\/posts\/92020\/revisions\/92022"}],"wp:featuredmedia":[{"embeddable":true,"href":"https:\/\/www.egemtv.com\/index.php?rest_route=\/wp\/v2\/media\/92021"}],"wp:attachment":[{"href":"https:\/\/www.egemtv.com\/index.php?rest_route=%2Fwp%2Fv2%2Fmedia&parent=92020"}],"wp:term":[{"taxonomy":"category","embeddable":true,"href":"https:\/\/www.egemtv.com\/index.php?rest_route=%2Fwp%2Fv2%2Fcategories&post=92020"},{"taxonomy":"post_tag","embeddable":true,"href":"https:\/\/www.egemtv.com\/index.php?rest_route=%2Fwp%2Fv2%2Ftags&post=92020"}],"curies":[{"name":"wp","href":"https:\/\/api.w.org\/{rel}","templated":true}]}}