{"id":92017,"date":"2026-03-05T13:34:53","date_gmt":"2026-03-05T10:34:53","guid":{"rendered":"https:\/\/www.egemtv.com\/?p=92017"},"modified":"2026-03-05T13:34:54","modified_gmt":"2026-03-05T10:34:54","slug":"delemenlerde-40-yillik-su-cilesi-son-buluyor","status":"publish","type":"post","link":"https:\/\/www.egemtv.com\/?p=92017","title":{"rendered":"Delemenler\u2019de 40 y\u0131ll\u0131k su \u00e7ilesi son buluyor"},"content":{"rendered":"<p>Manisa Su ve Kanalizasyon \u0130daresi (MASK\u0130) Genel M\u00fcd\u00fcrl\u00fc\u011f\u00fc, Ala\u015fehir Delemenler Mahallesi\u2019nde son bir y\u0131lda 250 patla\u011f\u0131n ya\u015fand\u0131\u011f\u0131 40 y\u0131ll\u0131k i\u00e7me suyu hatt\u0131n\u0131 yenilemek i\u00e7in \u00e7al\u0131\u015fma ba\u015flatt\u0131. 17 kilometrelik ana hat ve 550 abonenin bran\u015fman ba\u011flant\u0131lar\u0131 modern altyap\u0131 sistemiyle yenilecek.<br \/>\n<br \/>Manisa Su ve Kanalizasyon \u0130daresi (MASK\u0130) Genel M\u00fcd\u00fcrl\u00fc\u011f\u00fc, Ala\u015fehir il\u00e7esine ba\u011fl\u0131 Delemenler Mahallesi\u2019nde kronikle\u015fen i\u00e7me suyu sorununu \u00e7\u00f6zmek i\u00e7in dev bir \u00e7al\u0131\u015fma ba\u015flatt\u0131. Son bir y\u0131lda 250\u2019den fazla ar\u0131zan\u0131n ya\u015fand\u0131\u011f\u0131, 40 y\u0131ll\u0131k, ekonomik \u00f6mr\u00fcn\u00fc tamamlam\u0131\u015f hat, modern altyap\u0131 sistemleriyle ba\u015ftan a\u015fa\u011f\u0131 yenileniyor. Proje kapsam\u0131nda 17 kilometrelik ana hat ile birlikte 550 abonenin bran\u015fman ba\u011flant\u0131lar\u0131 da g\u00fcncellenecek. \u00c7al\u0131\u015fmalar tamamland\u0131\u011f\u0131nda mahalleye kesintisiz ve sa\u011fl\u0131kl\u0131 i\u00e7me suyu sa\u011flanmas\u0131 hedefleniyor.<\/p>\n<p>Ba\u015fkan Dutlulu, &#8220;Sorunun fark\u0131nday\u0131z, \u00e7\u00f6z\u00fcm i\u00e7in sahaday\u0131z&#8221;<br \/>\n<br \/>Manisa genelinde ba\u015flat\u0131lan altyap\u0131 hamlesine dikkat \u00e7eken Manisa B\u00fcy\u00fck\u015fehir Belediye Ba\u015fkan\u0131 Besim Dutlulu, \u00e7al\u0131\u015fmalar\u0131n s\u00fcrece\u011fini belirtti. Ba\u015fkan Dutlulu yapt\u0131\u011f\u0131 a\u00e7\u0131klamada \u015funlar\u0131 kaydetti: &#8220;Manisa\u2019m\u0131z\u0131n d\u00f6rt bir yan\u0131nda altyap\u0131 seferberli\u011fimiz devam ediyor. Delemenler Mahallemizde uzun y\u0131llard\u0131r el s\u00fcr\u00fclmemi\u015f ve s\u0131k s\u0131k ar\u0131za vererek vatanda\u015f\u0131m\u0131z\u0131 ma\u011fdur eden hatlar\u0131 tamamen yeniliyoruz. Sorunun fark\u0131nday\u0131z ve \u00e7\u00f6z\u00fcm i\u00e7in aral\u0131ks\u0131z \u00e7al\u0131\u015f\u0131yoruz. 17 il\u00e7emizde belirledi\u011fimiz program dahilinde eski hatlar\u0131 yenilemeye, halk\u0131m\u0131z\u0131n uzun y\u0131llard\u0131r ya\u015fad\u0131\u011f\u0131 ma\u011fduriyetleri kal\u0131c\u0131 olarak gidermeye devam edece\u011fiz.&#8221;<\/p>\n<p>&#8220;Kendi \u00f6z kaynaklar\u0131m\u0131zla tasarruf sa\u011fl\u0131yoruz&#8221;<br \/>\n<br \/>Ala\u015fehir Belediye Ba\u015fkan\u0131 Ahmet \u00d6k\u00fczc\u00fco\u011flu ile mahalle sakinleriyle bir araya gelen ve ard\u0131ndan \u00e7al\u0131\u015fmalar\u0131 yerinde inceleyen MASK\u0130 Genel M\u00fcd\u00fcr\u00fc Ali K\u0131l\u0131\u00e7, ger\u00e7ekle\u015ftirilen bu \u00f6nemli yat\u0131r\u0131m sayesinde hem su kay\u0131plar\u0131n\u0131n azalt\u0131laca\u011f\u0131n\u0131 hem de ar\u0131zalardan kaynaklanan ma\u011fduriyetlerin en aza indirilece\u011fini ifade etti. K\u0131l\u0131\u00e7, &#8220;Delemenler Mahallemiz, k\u0131rsal 8 ayr\u0131 yerle\u015fkeden olu\u015fan ve 2 binden fazla n\u00fcfusa sahip b\u00fcy\u00fck bir mahalle. Bu mahallemizde uzun y\u0131llard\u0131r ya\u015fanan ar\u0131zalar ve su kay\u0131plar\u0131n\u0131 kal\u0131c\u0131 olarak \u00e7\u00f6zmek amac\u0131yla \u00f6nemli bir altyap\u0131 yat\u0131r\u0131m\u0131n\u0131 hayata ge\u00e7iriyoruz. Toplam bedeli 21 milyon TL olan bir yat\u0131r\u0131mla, mahallemizde 17 kilometre i\u00e7me suyu \u015febeke hatt\u0131 ve 550 adet bran\u015fman hatt\u0131n\u0131 tamamen yeniliyoruz. \u00d6zellikle vurgulamak isterim ki; bu \u00e7al\u0131\u015fman\u0131n tamam\u0131n\u0131 kendi ekip ve ekipmanlar\u0131m\u0131zla, \u00f6z kaynaklar\u0131m\u0131zla yap\u0131yoruz. Bunu kendi imkanlar\u0131m\u0131zla yapt\u0131\u011f\u0131m\u0131z i\u00e7in kurum b\u00fct\u00e7emizde de \u00f6nemli \u00f6l\u00e7\u00fcde tasarruf sa\u011flam\u0131\u015f olaca\u011f\u0131z. \u00c7al\u0131\u015fmalar\u0131m\u0131z tamamland\u0131\u011f\u0131nda, hem\u015fehrilerimiz daha sa\u011fl\u0131kl\u0131 ve kesintisiz bir i\u00e7me suyu altyap\u0131s\u0131na kavu\u015facaklar. Delemenler Mahallemize ve Ala\u015fehir\u2019imize hay\u0131rl\u0131 olmas\u0131n\u0131 diliyorum&#8221; diye konu\u015ftu.<\/p>\n<p>&#8220;21 milyonluk i\u015fi 5 milyona bitiriyoruz&#8221;<br \/>\n<br \/>Belediye kaynaklar\u0131n\u0131n verimli kullan\u0131lmas\u0131na vurgu yapan Ala\u015fehir Belediye Ba\u015fkan\u0131 Ahmet \u00d6k\u00fczc\u00fco\u011flu, i\u015f birli\u011finin meyvelerini toplad\u0131klar\u0131n\u0131 belirtti. \u00d6k\u00fczc\u00fco\u011flu, &#8220;Ge\u00e7ti\u011fimiz y\u0131l bu b\u00f6lgeden gelen 250 ar\u0131za ihbar\u0131, hatt\u0131n yenilenmesi gerekti\u011fini a\u00e7\u0131k\u00e7a g\u00f6steriyordu. \u0130hale bedeli 21 milyon TL olan bu i\u015fi, \u00f6z kaynaklar\u0131m\u0131z\u0131 kullanarak 5 milyon TL gibi bir maliyetle tamaml\u0131yoruz. Desteklerinden dolay\u0131 Manisa B\u00fcy\u00fck\u015fehir Belediye Ba\u015fkan\u0131m\u0131z Besim Dutlulu\u2019ya ve t\u00fcm MASK\u0130 ekibine te\u015fekk\u00fcr ediyorum&#8221; dedi.<\/p>\n<p>Vatanda\u015flar \u00e7al\u0131\u015fmalardan memnun<br \/>\n<br \/>Y\u0131llard\u0131r s\u00fcregelen altyap\u0131 sorununa \u00e7\u00f6z\u00fcm getirilmesi, b\u00f6lge halk\u0131 taraf\u0131ndan memnuniyetle kar\u015f\u0131land\u0131. Delemenler Mahalle Muhtar\u0131 Yasin Ert\u00fcrk, &#8220;10 y\u0131ld\u0131r bu hatt\u0131n yenilenmesi i\u00e7in m\u00fccadele ediyorduk. 40 y\u0131ll\u0131k borular art\u0131k dayanm\u0131yordu, ekipler ar\u0131zalara yeti\u015femiyordu. Besim Ba\u015fkan\u0131m\u0131za bu b\u00fcy\u00fck yat\u0131r\u0131m\u0131 mahallemize kazand\u0131rd\u0131\u011f\u0131 i\u00e7in te\u015fekk\u00fcr ediyoruz&#8221; dedi.<br \/>\n<br \/>Mahalle Sakini Mehmet Y\u0131lmaz da &#8220;15 y\u0131ld\u0131r su s\u0131k\u0131nt\u0131s\u0131 \u00e7ekiyorduk. D\u00fc\u015f\u00fck bas\u0131n\u00e7 ve kesintiler nedeniyle iki \u00e7ama\u015f\u0131r makinem bozuldu. \u015eimdi \u00e7e\u015fmeyi a\u00e7t\u0131\u011f\u0131m\u0131zda suyumuz g\u00fcr ak\u0131yor. \u00c7ok huzurluyuz, yapanlardan Allah raz\u0131 olsun&#8221; diye konu\u015ftu.<br \/><\/p>\n","protected":false},"excerpt":{"rendered":"<p>Manisa Su ve Kanalizasyon \u0130daresi (MASK\u0130) Genel M\u00fcd\u00fcrl\u00fc\u011f\u00fc, Ala\u015fehir Delemenler Mahallesi\u2019nde son bir y\u0131lda 250 patla\u011f\u0131n ya\u015fand\u0131\u011f\u0131 40 y\u0131ll\u0131k i\u00e7me suyu hatt\u0131n\u0131 yenilemek i\u00e7in \u00e7al\u0131\u015fma ba\u015flatt\u0131. 17 kilometrelik ana hat ve 550 abonenin bran\u015fman ba\u011flant\u0131lar\u0131 modern altyap\u0131 sistemiyle yenilecek. Manisa Su ve Kanalizasyon \u0130daresi (MASK\u0130) Genel M\u00fcd\u00fcrl\u00fc\u011f\u00fc, Ala\u015fehir il\u00e7esine ba\u011fl\u0131 Delemenler Mahallesi\u2019nde kronikle\u015fen i\u00e7me suyu&#8230;<\/p>\n","protected":false},"author":1,"featured_media":92018,"comment_status":"open","ping_status":"open","sticky":false,"template":"","format":"standard","meta":{"_crdt_document":"","footnotes":""},"categories":[125],"tags":[],"class_list":["post-92017","post","type-post","status-publish","format-standard","has-post-thumbnail","hentry","category-ekonomi"],"_links":{"self":[{"href":"https:\/\/www.egemtv.com\/index.php?rest_route=\/wp\/v2\/posts\/92017","targetHints":{"allow":["GET"]}}],"collection":[{"href":"https:\/\/www.egemtv.com\/index.php?rest_route=\/wp\/v2\/posts"}],"about":[{"href":"https:\/\/www.egemtv.com\/index.php?rest_route=\/wp\/v2\/types\/post"}],"author":[{"embeddable":true,"href":"https:\/\/www.egemtv.com\/index.php?rest_route=\/wp\/v2\/users\/1"}],"replies":[{"embeddable":true,"href":"https:\/\/www.egemtv.com\/index.php?rest_route=%2Fwp%2Fv2%2Fcomments&post=92017"}],"version-history":[{"count":1,"href":"https:\/\/www.egemtv.com\/index.php?rest_route=\/wp\/v2\/posts\/92017\/revisions"}],"predecessor-version":[{"id":92019,"href":"https:\/\/www.egemtv.com\/index.php?rest_route=\/wp\/v2\/posts\/92017\/revisions\/92019"}],"wp:featuredmedia":[{"embeddable":true,"href":"https:\/\/www.egemtv.com\/index.php?rest_route=\/wp\/v2\/media\/92018"}],"wp:attachment":[{"href":"https:\/\/www.egemtv.com\/index.php?rest_route=%2Fwp%2Fv2%2Fmedia&parent=92017"}],"wp:term":[{"taxonomy":"category","embeddable":true,"href":"https:\/\/www.egemtv.com\/index.php?rest_route=%2Fwp%2Fv2%2Fcategories&post=92017"},{"taxonomy":"post_tag","embeddable":true,"href":"https:\/\/www.egemtv.com\/index.php?rest_route=%2Fwp%2Fv2%2Ftags&post=92017"}],"curies":[{"name":"wp","href":"https:\/\/api.w.org\/{rel}","templated":true}]}}