{"id":92014,"date":"2026-03-05T13:34:52","date_gmt":"2026-03-05T10:34:52","guid":{"rendered":"https:\/\/www.egemtv.com\/?p=92014"},"modified":"2026-03-05T13:34:53","modified_gmt":"2026-03-05T10:34:53","slug":"kutahyada-kucukler-bilek-guresi-il-birinciligi-tamamlandi","status":"publish","type":"post","link":"https:\/\/www.egemtv.com\/?p=92014","title":{"rendered":"K\u00fctahya\u2019da \u2019K\u00fc\u00e7\u00fckler Bilek G\u00fcre\u015fi \u0130l Birincili\u011fi\u2019 tamamland\u0131"},"content":{"rendered":"<p>K\u00fctahya\u2019da 2025-2026 E\u011fitim \u00d6\u011fretim Y\u0131l\u0131 Okullar Aras\u0131 K\u00fc\u00e7\u00fckler Bilek G\u00fcre\u015fi \u0130l Birincili\u011fi m\u00fcsabakalar\u0131 tamamland\u0131. Minik sporcular\u0131n k\u0131yas\u0131ya m\u00fccadele etti\u011fi organizasyon, heyecan dolu anlara sahne oldu.<br \/>\n<br \/>K\u00fctahya Gen\u00e7lik ve Spor \u0130l M\u00fcd\u00fcr\u00fc B\u00fclent K\u00fc\u00e7\u00fck, m\u00fcsabakalar\u0131n ard\u0131ndan yapt\u0131\u011f\u0131 a\u00e7\u0131klamada organizasyona kat\u0131lan t\u00fcm sporcular\u0131 tebrik ederek ba\u015far\u0131lar\u0131n\u0131n devam\u0131n\u0131 diledi. K\u00fc\u00e7\u00fck, gen\u00e7 sporcular\u0131n azim ve m\u00fccadelelerinin sporun geli\u015fimi a\u00e7\u0131s\u0131ndan b\u00fcy\u00fck \u00f6nem ta\u015f\u0131d\u0131\u011f\u0131n\u0131 belirtti.<br \/>\n<br \/>M\u00fcsabakalarda dereceye giren sporcular madalya ile \u00f6d\u00fcllendirilirken, organizasyon sporcu ve izleyicilerden yo\u011fun ilgi g\u00f6rd\u00fc.<br \/>\n<br \/>M\u00fcd\u00fcr K\u00fc\u00e7\u00fck, K\u00fctahya\u2019da spor faaliyetlerinin h\u0131z kesmeden devam etti\u011fini vurgulayarak, &#8220;Sporun \u015fehri K\u00fctahya\u2019m\u0131zda heyecan hi\u00e7 bitmiyor&#8221; ifadelerini kulland\u0131.<br \/><\/p>\n","protected":false},"excerpt":{"rendered":"<p>K\u00fctahya\u2019da 2025-2026 E\u011fitim \u00d6\u011fretim Y\u0131l\u0131 Okullar Aras\u0131 K\u00fc\u00e7\u00fckler Bilek G\u00fcre\u015fi \u0130l Birincili\u011fi m\u00fcsabakalar\u0131 tamamland\u0131. Minik sporcular\u0131n k\u0131yas\u0131ya m\u00fccadele etti\u011fi organizasyon, heyecan dolu anlara sahne oldu. K\u00fctahya Gen\u00e7lik ve Spor \u0130l M\u00fcd\u00fcr\u00fc B\u00fclent K\u00fc\u00e7\u00fck, m\u00fcsabakalar\u0131n ard\u0131ndan yapt\u0131\u011f\u0131 a\u00e7\u0131klamada organizasyona kat\u0131lan t\u00fcm sporcular\u0131 tebrik ederek ba\u015far\u0131lar\u0131n\u0131n devam\u0131n\u0131 diledi. K\u00fc\u00e7\u00fck, gen\u00e7 sporcular\u0131n azim ve m\u00fccadelelerinin sporun geli\u015fimi a\u00e7\u0131s\u0131ndan&#8230;<\/p>\n","protected":false},"author":1,"featured_media":92015,"comment_status":"open","ping_status":"open","sticky":false,"template":"","format":"standard","meta":{"_crdt_document":"","footnotes":""},"categories":[4],"tags":[],"class_list":["post-92014","post","type-post","status-publish","format-standard","has-post-thumbnail","hentry","category-spor"],"_links":{"self":[{"href":"https:\/\/www.egemtv.com\/index.php?rest_route=\/wp\/v2\/posts\/92014","targetHints":{"allow":["GET"]}}],"collection":[{"href":"https:\/\/www.egemtv.com\/index.php?rest_route=\/wp\/v2\/posts"}],"about":[{"href":"https:\/\/www.egemtv.com\/index.php?rest_route=\/wp\/v2\/types\/post"}],"author":[{"embeddable":true,"href":"https:\/\/www.egemtv.com\/index.php?rest_route=\/wp\/v2\/users\/1"}],"replies":[{"embeddable":true,"href":"https:\/\/www.egemtv.com\/index.php?rest_route=%2Fwp%2Fv2%2Fcomments&post=92014"}],"version-history":[{"count":1,"href":"https:\/\/www.egemtv.com\/index.php?rest_route=\/wp\/v2\/posts\/92014\/revisions"}],"predecessor-version":[{"id":92016,"href":"https:\/\/www.egemtv.com\/index.php?rest_route=\/wp\/v2\/posts\/92014\/revisions\/92016"}],"wp:featuredmedia":[{"embeddable":true,"href":"https:\/\/www.egemtv.com\/index.php?rest_route=\/wp\/v2\/media\/92015"}],"wp:attachment":[{"href":"https:\/\/www.egemtv.com\/index.php?rest_route=%2Fwp%2Fv2%2Fmedia&parent=92014"}],"wp:term":[{"taxonomy":"category","embeddable":true,"href":"https:\/\/www.egemtv.com\/index.php?rest_route=%2Fwp%2Fv2%2Fcategories&post=92014"},{"taxonomy":"post_tag","embeddable":true,"href":"https:\/\/www.egemtv.com\/index.php?rest_route=%2Fwp%2Fv2%2Ftags&post=92014"}],"curies":[{"name":"wp","href":"https:\/\/api.w.org\/{rel}","templated":true}]}}