{"id":92011,"date":"2026-03-05T13:34:51","date_gmt":"2026-03-05T10:34:51","guid":{"rendered":"https:\/\/www.egemtv.com\/?p=92011"},"modified":"2026-03-05T13:34:52","modified_gmt":"2026-03-05T10:34:52","slug":"kutahya-belediye-meclisinde-57-gundem-maddesi-gorusuldu-4-madde-reddedildi","status":"publish","type":"post","link":"https:\/\/www.egemtv.com\/?p=92011","title":{"rendered":"K\u00fctahya Belediye Meclisi\u2019nde 57 g\u00fcndem maddesi g\u00f6r\u00fc\u015f\u00fcld\u00fc, 4 madde reddedildi"},"content":{"rendered":"<p>K\u00fctahya Belediye Meclisi\u2019nin Mart ay\u0131 toplant\u0131s\u0131nda 57 g\u00fcndem maddesi g\u00f6r\u00fc\u015f\u00fcl\u00fcrken, ta\u015f\u0131nmaz sat\u0131\u015f\u0131 ve 50 milyon TL\u2019lik kredi yetkisini i\u00e7eren maddeler AK Parti ve MHP\u2019li \u00fcyelerin oylar\u0131yla reddedildi.<br \/>\n<br \/>K\u00fctahya Belediyesi Meclisi, Belediye Ba\u015fkan\u0131 Ey\u00fcp Kahveci ba\u015fkanl\u0131\u011f\u0131nda 3. D\u00f6nem 3. Ola\u011fan Toplant\u0131s\u0131 i\u00e7in Belediye Meclis Salonu\u2019nda bir araya geldi. Toplant\u0131da di\u011fer g\u00fcndem maddeleri g\u00f6r\u00fc\u015f\u00fclerek karara ba\u011fland\u0131.<br \/>\n<br \/>Toplant\u0131da, Zafer Kalk\u0131nma Ajans\u0131 deste\u011fiyle Turizm ve Tar\u0131msal Altyap\u0131 Mali Destek Program\u0131 kapsam\u0131nda 2023 y\u0131l\u0131nda hibe almaya hak kazanan ve proje \u00e7er\u00e7evesinde kurulan K\u00fctahya Olu\u015fturucu K\u00fclt\u00fcrel End\u00fcstriler Merkezi ele al\u0131nd\u0131. Merkezde yer alan 40-50 metrekarelik at\u00f6lyelerin gelir tarifesine al\u0131narak kat\u0131l\u0131m bedellerinin olu\u015fturulacak komisyon taraf\u0131ndan belirlenmesi konusu mecliste m\u00fczakere edildi.<br \/>\n<br \/>Meclis g\u00fcndeminde ayr\u0131ca, Temizlik \u0130\u015fleri M\u00fcd\u00fcrl\u00fc\u011f\u00fc b\u00fcnyesinde faaliyet g\u00f6steren Hafriyat At\u0131klar\u0131 Toplama ve D\u00f6k\u00fcm Servisinin faaliyet alan\u0131na ili\u015fkin K\u00fctahya Belediyesi ile Harita ve Kadastro M\u00fchendisleri Odas\u0131 K\u00fctahya Temsilcili\u011fi aras\u0131nda imzalanacak i\u015f birli\u011fi protokol\u00fc i\u00e7in Belediye Ba\u015fkan\u0131\u2019na yetki verilmesi konusu g\u00f6r\u00fc\u015f\u00fcld\u00fc.<br \/>\n<br \/>Toplant\u0131da ayr\u0131ca Yamant\u00fcrk Ya\u015fl\u0131 ve Engelli G\u00fcnd\u00fcz Ya\u015fam Merkezi kapsam\u0131nda y\u00fcr\u00fct\u00fclen Yaren Ya\u015fam Destek Program\u0131 da g\u00fcndeme geldi. Program \u00e7er\u00e7evesinde ihtiya\u00e7 sahibi vatanda\u015flara \u00fccretsiz, talep eden ve maddi durumu yeterli olan vatanda\u015flara ise c\u00fczi bir \u00fccret kar\u015f\u0131l\u0131\u011f\u0131nda sunulacak hizmetlerin bedellerinin 2026 Mali Y\u0131l\u0131 Gelir Tarifesi\u2019ne eklenmesi konusu de\u011ferlendirildi.<br \/>\n<br \/>G\u00fcndem maddelerinin g\u00f6r\u00fc\u015f\u00fclmesinin ard\u0131ndan toplant\u0131, al\u0131nan kararlar\u0131n K\u00fctahya\u2019ya ve vatanda\u015flara hay\u0131rl\u0131 olmas\u0131 temennisiyle sona erdi.<br \/><\/p>\n","protected":false},"excerpt":{"rendered":"<p>K\u00fctahya Belediye Meclisi\u2019nin Mart ay\u0131 toplant\u0131s\u0131nda 57 g\u00fcndem maddesi g\u00f6r\u00fc\u015f\u00fcl\u00fcrken, ta\u015f\u0131nmaz sat\u0131\u015f\u0131 ve 50 milyon TL\u2019lik kredi yetkisini i\u00e7eren maddeler AK Parti ve MHP\u2019li \u00fcyelerin oylar\u0131yla reddedildi. K\u00fctahya Belediyesi Meclisi, Belediye Ba\u015fkan\u0131 Ey\u00fcp Kahveci ba\u015fkanl\u0131\u011f\u0131nda 3. D\u00f6nem 3. Ola\u011fan Toplant\u0131s\u0131 i\u00e7in Belediye Meclis Salonu\u2019nda bir araya geldi. Toplant\u0131da di\u011fer g\u00fcndem maddeleri g\u00f6r\u00fc\u015f\u00fclerek karara ba\u011fland\u0131. Toplant\u0131da,&#8230;<\/p>\n","protected":false},"author":1,"featured_media":92012,"comment_status":"open","ping_status":"open","sticky":false,"template":"","format":"standard","meta":{"_crdt_document":"","footnotes":""},"categories":[123],"tags":[],"class_list":["post-92011","post","type-post","status-publish","format-standard","has-post-thumbnail","hentry","category-gundem"],"_links":{"self":[{"href":"https:\/\/www.egemtv.com\/index.php?rest_route=\/wp\/v2\/posts\/92011","targetHints":{"allow":["GET"]}}],"collection":[{"href":"https:\/\/www.egemtv.com\/index.php?rest_route=\/wp\/v2\/posts"}],"about":[{"href":"https:\/\/www.egemtv.com\/index.php?rest_route=\/wp\/v2\/types\/post"}],"author":[{"embeddable":true,"href":"https:\/\/www.egemtv.com\/index.php?rest_route=\/wp\/v2\/users\/1"}],"replies":[{"embeddable":true,"href":"https:\/\/www.egemtv.com\/index.php?rest_route=%2Fwp%2Fv2%2Fcomments&post=92011"}],"version-history":[{"count":1,"href":"https:\/\/www.egemtv.com\/index.php?rest_route=\/wp\/v2\/posts\/92011\/revisions"}],"predecessor-version":[{"id":92013,"href":"https:\/\/www.egemtv.com\/index.php?rest_route=\/wp\/v2\/posts\/92011\/revisions\/92013"}],"wp:featuredmedia":[{"embeddable":true,"href":"https:\/\/www.egemtv.com\/index.php?rest_route=\/wp\/v2\/media\/92012"}],"wp:attachment":[{"href":"https:\/\/www.egemtv.com\/index.php?rest_route=%2Fwp%2Fv2%2Fmedia&parent=92011"}],"wp:term":[{"taxonomy":"category","embeddable":true,"href":"https:\/\/www.egemtv.com\/index.php?rest_route=%2Fwp%2Fv2%2Fcategories&post=92011"},{"taxonomy":"post_tag","embeddable":true,"href":"https:\/\/www.egemtv.com\/index.php?rest_route=%2Fwp%2Fv2%2Ftags&post=92011"}],"curies":[{"name":"wp","href":"https:\/\/api.w.org\/{rel}","templated":true}]}}