{"id":92008,"date":"2026-03-05T13:15:05","date_gmt":"2026-03-05T10:15:05","guid":{"rendered":"https:\/\/www.egemtv.com\/?p=92008"},"modified":"2026-03-05T13:15:06","modified_gmt":"2026-03-05T10:15:06","slug":"yangin-onlemi-icin-temizlik-yapiliyor-haberinden-bir-saat-sonra-yangin-cikti","status":"publish","type":"post","link":"https:\/\/www.egemtv.com\/?p=92008","title":{"rendered":"\u2018Yang\u0131n \u00f6nlemi i\u00e7in temizlik yap\u0131l\u0131yor\u2019 haberinden bir saat sonra yang\u0131n \u00e7\u0131kt\u0131"},"content":{"rendered":"<p>Mu\u011fla\u2019n\u0131n Sakar Rampas\u0131 b\u00f6lgesinde orman yang\u0131nlar\u0131n\u0131 \u00f6nlemek amac\u0131yla yap\u0131lan temizlik \u00e7al\u0131\u015fmas\u0131 haberinin \u00fczerinden bir saat ge\u00e7meden odun y\u00fckl\u00fc bir t\u0131rda yang\u0131n \u00e7\u0131kt\u0131.<br \/>\n<br \/>Sakar rampas\u0131n\u0131 t\u0131rman\u0131\u015f y\u00f6n\u00fcnde seyreden 48 L 6339 plakal\u0131 t\u0131r\u0131n motor b\u00f6l\u00fcm\u00fcnden dumanlar y\u00fckselmeye ba\u015flad\u0131. Vatanda\u015flar\u0131n 112 acil \u00c7a\u011fr\u0131 Merkezine bilgi vermesi \u00fczerine b\u00f6lgede bulunan Mu\u011fla Orman B\u00f6lge M\u00fcd\u00fcrl\u00fc\u011f\u00fc araz\u00f6z ekipleri taraf\u0131ndan yanan t\u0131r m\u00fcdahale edildi.<br \/>\n<br \/>Araz\u00f6z ekiplerinin m\u00fcdahalesi ile s\u00f6nd\u00fcr\u00fclen odun y\u00fckl\u00fc t\u0131rdaki yang\u0131n esnas\u0131nda yol k\u0131sa s\u00fcreli trafi\u011fe kapat\u0131l\u0131rken, yap\u0131lan so\u011futma \u00e7al\u0131\u015fmas\u0131n\u0131n ard\u0131ndan yol tekrar trafi\u011fe a\u00e7\u0131ld\u0131.<br \/><\/p>\n","protected":false},"excerpt":{"rendered":"<p>Mu\u011fla\u2019n\u0131n Sakar Rampas\u0131 b\u00f6lgesinde orman yang\u0131nlar\u0131n\u0131 \u00f6nlemek amac\u0131yla yap\u0131lan temizlik \u00e7al\u0131\u015fmas\u0131 haberinin \u00fczerinden bir saat ge\u00e7meden odun y\u00fckl\u00fc bir t\u0131rda yang\u0131n \u00e7\u0131kt\u0131. Sakar rampas\u0131n\u0131 t\u0131rman\u0131\u015f y\u00f6n\u00fcnde seyreden 48 L 6339 plakal\u0131 t\u0131r\u0131n motor b\u00f6l\u00fcm\u00fcnden dumanlar y\u00fckselmeye ba\u015flad\u0131. Vatanda\u015flar\u0131n 112 acil \u00c7a\u011fr\u0131 Merkezine bilgi vermesi \u00fczerine b\u00f6lgede bulunan Mu\u011fla Orman B\u00f6lge M\u00fcd\u00fcrl\u00fc\u011f\u00fc araz\u00f6z ekipleri taraf\u0131ndan yanan&#8230;<\/p>\n","protected":false},"author":1,"featured_media":92009,"comment_status":"open","ping_status":"open","sticky":false,"template":"","format":"standard","meta":{"_crdt_document":"","footnotes":""},"categories":[5],"tags":[],"class_list":["post-92008","post","type-post","status-publish","format-standard","has-post-thumbnail","hentry","category-asayis"],"_links":{"self":[{"href":"https:\/\/www.egemtv.com\/index.php?rest_route=\/wp\/v2\/posts\/92008","targetHints":{"allow":["GET"]}}],"collection":[{"href":"https:\/\/www.egemtv.com\/index.php?rest_route=\/wp\/v2\/posts"}],"about":[{"href":"https:\/\/www.egemtv.com\/index.php?rest_route=\/wp\/v2\/types\/post"}],"author":[{"embeddable":true,"href":"https:\/\/www.egemtv.com\/index.php?rest_route=\/wp\/v2\/users\/1"}],"replies":[{"embeddable":true,"href":"https:\/\/www.egemtv.com\/index.php?rest_route=%2Fwp%2Fv2%2Fcomments&post=92008"}],"version-history":[{"count":1,"href":"https:\/\/www.egemtv.com\/index.php?rest_route=\/wp\/v2\/posts\/92008\/revisions"}],"predecessor-version":[{"id":92010,"href":"https:\/\/www.egemtv.com\/index.php?rest_route=\/wp\/v2\/posts\/92008\/revisions\/92010"}],"wp:featuredmedia":[{"embeddable":true,"href":"https:\/\/www.egemtv.com\/index.php?rest_route=\/wp\/v2\/media\/92009"}],"wp:attachment":[{"href":"https:\/\/www.egemtv.com\/index.php?rest_route=%2Fwp%2Fv2%2Fmedia&parent=92008"}],"wp:term":[{"taxonomy":"category","embeddable":true,"href":"https:\/\/www.egemtv.com\/index.php?rest_route=%2Fwp%2Fv2%2Fcategories&post=92008"},{"taxonomy":"post_tag","embeddable":true,"href":"https:\/\/www.egemtv.com\/index.php?rest_route=%2Fwp%2Fv2%2Ftags&post=92008"}],"curies":[{"name":"wp","href":"https:\/\/api.w.org\/{rel}","templated":true}]}}