{"id":91990,"date":"2026-03-05T12:54:44","date_gmt":"2026-03-05T09:54:44","guid":{"rendered":"https:\/\/www.egemtv.com\/?p=91990"},"modified":"2026-03-05T12:54:46","modified_gmt":"2026-03-05T09:54:46","slug":"afyonkarahisarda-6-kitap-6-konu-tahlil-serisi-programi","status":"publish","type":"post","link":"https:\/\/www.egemtv.com\/?p=91990","title":{"rendered":"Afyonkarahisar\u2019da \u20186 Kitap 6 Konu Tahlil Serisi\u2019 program\u0131"},"content":{"rendered":"<p>Afyonkarahisar \u0130l M\u00fcft\u00fcl\u00fc\u011f\u00fc Gen\u00e7lik Koordinat\u00f6rl\u00fc\u011f\u00fc taraf\u0131ndan d\u00fczenlenen &#8220;6 Kitap 6 Konu Tahlil Serisi&#8221; program\u0131 Diyanet Gen\u00e7lik Merkezi\u2019nde ger\u00e7ekle\u015ftirildi.<br \/>\n<br \/>Program kapsam\u0131nda tasavvuf ve d\u00fc\u015f\u00fcnce d\u00fcnyas\u0131na \u00f6nemli katk\u0131lar sunan eserler ele al\u0131narak kat\u0131l\u0131mc\u0131larla birlikte de\u011ferlendirmelerde bulunuldu. Ger\u00e7ekle\u015ftirilen programda \u0130bn Ataullah \u0130skender\u00ee\u2019nin &#8220;Tasavvuf\u00ee Hikmetler (Hikem-i At\u00e2iyye)&#8221; ile Muhyiddin \u015eek\u00fcr\u2019\u00fcn &#8220;Su \u00dcst\u00fcne Yaz\u0131 Yazmak&#8221; adl\u0131 eserleri \u00fczerine tahliller yap\u0131ld\u0131.<br \/>\n<br \/>Gen\u00e7lerin d\u00fc\u015f\u00fcnce d\u00fcnyas\u0131na katk\u0131 sunmay\u0131 ve nitelikli eserlerle bulu\u015fmalar\u0131n\u0131 ama\u00e7layan program, gen\u00e7lerin yo\u011fun kat\u0131l\u0131m\u0131yla ger\u00e7ekle\u015ftirildi. Program\u0131n ard\u0131ndan kat\u0131l\u0131mc\u0131larla birlikte iftar yap\u0131larak Ramazan ay\u0131n\u0131n manevi atmosferi payla\u015f\u0131ld\u0131.<br \/><\/p>\n","protected":false},"excerpt":{"rendered":"<p>Afyonkarahisar \u0130l M\u00fcft\u00fcl\u00fc\u011f\u00fc Gen\u00e7lik Koordinat\u00f6rl\u00fc\u011f\u00fc taraf\u0131ndan d\u00fczenlenen &#8220;6 Kitap 6 Konu Tahlil Serisi&#8221; program\u0131 Diyanet Gen\u00e7lik Merkezi\u2019nde ger\u00e7ekle\u015ftirildi. Program kapsam\u0131nda tasavvuf ve d\u00fc\u015f\u00fcnce d\u00fcnyas\u0131na \u00f6nemli katk\u0131lar sunan eserler ele al\u0131narak kat\u0131l\u0131mc\u0131larla birlikte de\u011ferlendirmelerde bulunuldu. Ger\u00e7ekle\u015ftirilen programda \u0130bn Ataullah \u0130skender\u00ee\u2019nin &#8220;Tasavvuf\u00ee Hikmetler (Hikem-i At\u00e2iyye)&#8221; ile Muhyiddin \u015eek\u00fcr\u2019\u00fcn &#8220;Su \u00dcst\u00fcne Yaz\u0131 Yazmak&#8221; adl\u0131 eserleri \u00fczerine tahliller yap\u0131ld\u0131&#8230;.<\/p>\n","protected":false},"author":1,"featured_media":91991,"comment_status":"open","ping_status":"open","sticky":false,"template":"","format":"standard","meta":{"_crdt_document":"","footnotes":""},"categories":[1],"tags":[],"class_list":["post-91990","post","type-post","status-publish","format-standard","has-post-thumbnail","hentry","category-guncel"],"_links":{"self":[{"href":"https:\/\/www.egemtv.com\/index.php?rest_route=\/wp\/v2\/posts\/91990","targetHints":{"allow":["GET"]}}],"collection":[{"href":"https:\/\/www.egemtv.com\/index.php?rest_route=\/wp\/v2\/posts"}],"about":[{"href":"https:\/\/www.egemtv.com\/index.php?rest_route=\/wp\/v2\/types\/post"}],"author":[{"embeddable":true,"href":"https:\/\/www.egemtv.com\/index.php?rest_route=\/wp\/v2\/users\/1"}],"replies":[{"embeddable":true,"href":"https:\/\/www.egemtv.com\/index.php?rest_route=%2Fwp%2Fv2%2Fcomments&post=91990"}],"version-history":[{"count":1,"href":"https:\/\/www.egemtv.com\/index.php?rest_route=\/wp\/v2\/posts\/91990\/revisions"}],"predecessor-version":[{"id":91992,"href":"https:\/\/www.egemtv.com\/index.php?rest_route=\/wp\/v2\/posts\/91990\/revisions\/91992"}],"wp:featuredmedia":[{"embeddable":true,"href":"https:\/\/www.egemtv.com\/index.php?rest_route=\/wp\/v2\/media\/91991"}],"wp:attachment":[{"href":"https:\/\/www.egemtv.com\/index.php?rest_route=%2Fwp%2Fv2%2Fmedia&parent=91990"}],"wp:term":[{"taxonomy":"category","embeddable":true,"href":"https:\/\/www.egemtv.com\/index.php?rest_route=%2Fwp%2Fv2%2Fcategories&post=91990"},{"taxonomy":"post_tag","embeddable":true,"href":"https:\/\/www.egemtv.com\/index.php?rest_route=%2Fwp%2Fv2%2Ftags&post=91990"}],"curies":[{"name":"wp","href":"https:\/\/api.w.org\/{rel}","templated":true}]}}