{"id":91987,"date":"2026-03-05T12:35:00","date_gmt":"2026-03-05T09:35:00","guid":{"rendered":"https:\/\/www.egemtv.com\/?p=91987"},"modified":"2026-03-05T12:35:01","modified_gmt":"2026-03-05T09:35:01","slug":"floor-curling-yildizlarda-il-sampiyonu-takimlar-koycegizden","status":"publish","type":"post","link":"https:\/\/www.egemtv.com\/?p=91987","title":{"rendered":"Floor Curling Y\u0131ld\u0131zlarda \u0130l \u015eampiyonu tak\u0131mlar K\u00f6yce\u011fiz\u2019den"},"content":{"rendered":"<p>Mu\u011fla\u2019n\u0131n K\u00f6yce\u011fiz il\u00e7esinde d\u00fczenlenen Floor Curling Y\u0131ld\u0131zlar \u0130l Turnuvas\u0131 tamamland\u0131.<\/p>\n<p>2025-2026 Okul Sporlar\u0131 kapsam\u0131nda d\u00fczenlenen Floor Curling Y\u0131ld\u0131zlar \u0130l Turnuvas\u0131 K\u00f6yce\u011fiz Gen\u00e7lik ve Spor \u0130l\u00e7e M\u00fcd\u00fcrl\u00fc\u011f\u00fc Kapal\u0131 Spor Salonu\u2019nda yap\u0131ld\u0131. Okul Sporlar\u0131 Floor Curling Y\u0131ld\u0131zlar \u0130l Turnuvas\u0131na K\u00f6yce\u011fizli sporcular damga vurdu. \u00dc\u00e7 kategoride de \u0130l \u015eampiyonu olma ba\u015far\u0131s\u0131n\u0131 g\u00f6sterdiler. Floor Curling Y\u0131ld\u0131zlar \u0130l Turnuvas\u0131 sonu\u00e7lar\u0131na g\u00f6re, K\u0131z Kategorisi 1\u2019ncisi K\u00f6yce\u011fiz Toparlar Ortaokulu, Erkek Kategorisi 1\u2019incisi K\u00f6yce\u011fiz \u0130mam Hatip Ortaokulu, Karma Kategori 1\u2019incisi K\u00f6yce\u011fiz P\u0131nar Ortaokulu oldu.<\/p>\n<p>K\u00f6yce\u011fiz \u0130l\u00e7e Milli E\u011fitim M\u00fcd\u00fcr\u00fc Taner \u015een ve K\u00f6yce\u011fiz Gen\u00e7lik ve Spor \u0130l\u00e7e M\u00fcd\u00fcr\u00fc Mehmet Kaleli turnuva sonunda d\u00fczenlenen t\u00f6renle dereceye giren tak\u0131mlara kupa ve madalyalar\u0131n\u0131 takdim etti. Okul Sporlar\u0131 Floor Curling Y\u0131ld\u0131zlar \u0130l Turnuvas\u0131nda \u015fampiyon olan tak\u0131mlar Ege B\u00f6lge Gruplar\u0131nda Mu\u011fla\u2019y\u0131 temsil edecek.<br \/><\/p>\n","protected":false},"excerpt":{"rendered":"<p>Mu\u011fla\u2019n\u0131n K\u00f6yce\u011fiz il\u00e7esinde d\u00fczenlenen Floor Curling Y\u0131ld\u0131zlar \u0130l Turnuvas\u0131 tamamland\u0131. 2025-2026 Okul Sporlar\u0131 kapsam\u0131nda d\u00fczenlenen Floor Curling Y\u0131ld\u0131zlar \u0130l Turnuvas\u0131 K\u00f6yce\u011fiz Gen\u00e7lik ve Spor \u0130l\u00e7e M\u00fcd\u00fcrl\u00fc\u011f\u00fc Kapal\u0131 Spor Salonu\u2019nda yap\u0131ld\u0131. Okul Sporlar\u0131 Floor Curling Y\u0131ld\u0131zlar \u0130l Turnuvas\u0131na K\u00f6yce\u011fizli sporcular damga vurdu. \u00dc\u00e7 kategoride de \u0130l \u015eampiyonu olma ba\u015far\u0131s\u0131n\u0131 g\u00f6sterdiler. Floor Curling Y\u0131ld\u0131zlar \u0130l Turnuvas\u0131 sonu\u00e7lar\u0131na&#8230;<\/p>\n","protected":false},"author":1,"featured_media":91988,"comment_status":"open","ping_status":"open","sticky":false,"template":"","format":"standard","meta":{"_crdt_document":"","footnotes":""},"categories":[4],"tags":[],"class_list":["post-91987","post","type-post","status-publish","format-standard","has-post-thumbnail","hentry","category-spor"],"_links":{"self":[{"href":"https:\/\/www.egemtv.com\/index.php?rest_route=\/wp\/v2\/posts\/91987","targetHints":{"allow":["GET"]}}],"collection":[{"href":"https:\/\/www.egemtv.com\/index.php?rest_route=\/wp\/v2\/posts"}],"about":[{"href":"https:\/\/www.egemtv.com\/index.php?rest_route=\/wp\/v2\/types\/post"}],"author":[{"embeddable":true,"href":"https:\/\/www.egemtv.com\/index.php?rest_route=\/wp\/v2\/users\/1"}],"replies":[{"embeddable":true,"href":"https:\/\/www.egemtv.com\/index.php?rest_route=%2Fwp%2Fv2%2Fcomments&post=91987"}],"version-history":[{"count":1,"href":"https:\/\/www.egemtv.com\/index.php?rest_route=\/wp\/v2\/posts\/91987\/revisions"}],"predecessor-version":[{"id":91989,"href":"https:\/\/www.egemtv.com\/index.php?rest_route=\/wp\/v2\/posts\/91987\/revisions\/91989"}],"wp:featuredmedia":[{"embeddable":true,"href":"https:\/\/www.egemtv.com\/index.php?rest_route=\/wp\/v2\/media\/91988"}],"wp:attachment":[{"href":"https:\/\/www.egemtv.com\/index.php?rest_route=%2Fwp%2Fv2%2Fmedia&parent=91987"}],"wp:term":[{"taxonomy":"category","embeddable":true,"href":"https:\/\/www.egemtv.com\/index.php?rest_route=%2Fwp%2Fv2%2Fcategories&post=91987"},{"taxonomy":"post_tag","embeddable":true,"href":"https:\/\/www.egemtv.com\/index.php?rest_route=%2Fwp%2Fv2%2Ftags&post=91987"}],"curies":[{"name":"wp","href":"https:\/\/api.w.org\/{rel}","templated":true}]}}