{"id":91984,"date":"2026-03-05T12:34:59","date_gmt":"2026-03-05T09:34:59","guid":{"rendered":"https:\/\/www.egemtv.com\/?p=91984"},"modified":"2026-03-05T12:35:00","modified_gmt":"2026-03-05T09:35:00","slug":"muglada-yangin-sezonu-oncesi-sakar-gecidinde-riskli-dallar-temizleniyor","status":"publish","type":"post","link":"https:\/\/www.egemtv.com\/?p=91984","title":{"rendered":"Mu\u011fla\u2019da yang\u0131n sezonu \u00f6ncesi Sakar Ge\u00e7idi\u2019nde riskli dallar temizleniyor"},"content":{"rendered":"<p>Yang\u0131na en hassas iller aras\u0131nda yer alan Mu\u011fla\u2019da, yang\u0131n sezonu \u00f6ncesi ormanl\u0131k alanlarda \u00f6nleyici \u00e7al\u0131\u015fmalar h\u0131z kesmeden s\u00fcr\u00fcyor. Mu\u011fla Orman B\u00f6lge M\u00fcd\u00fcrl\u00fc\u011f\u00fc ekipleri, muhtemel yang\u0131n riskine kar\u015f\u0131 kara yollar\u0131 kenar\u0131nda a\u011fa\u00e7 budama ve temizlik \u00e7al\u0131\u015fmalar\u0131 ger\u00e7ekle\u015ftiriyor.<br \/>\n<br \/>Bu kapsamda, 9 kilometrelik Sakar Ge\u00e7idi\u2019nde yol kenar\u0131ndaki a\u011fa\u00e7lar\u0131n yola sarkan dallar\u0131 Mu\u011fla Orman B\u00f6lge M\u00fcd\u00fcrl\u00fc\u011f\u00fc ekipleri taraf\u0131ndan temizleniyor. G\u00f6kova K\u00f6rfezi\u2019ne hakim konumda bulunan ve tamamen \u00e7am ormanlar\u0131yla kapl\u0131 Sakar Ge\u00e7idi, ayn\u0131 zamanda T\u00fcrkiye\u2019nin en tehlikeli yollar\u0131ndan biri olarak biliniyor. Ekipler, hem s\u00fcr\u00fc\u015f g\u00fcvenli\u011fini art\u0131rmak, hem de muhtemel yang\u0131n riskini azaltmak amac\u0131yla \u00e7al\u0131\u015fmalar\u0131n\u0131 s\u00fcrd\u00fcr\u00fcyor.<br \/>\n<br \/>Mu\u011fla Orman B\u00f6lge M\u00fcd\u00fcrl\u00fc\u011f\u00fc\u2019n\u00fcn sorumluluk alan\u0131nda bulunan Ayd\u0131n ve Mu\u011fla illerinde 2025 y\u0131l\u0131nda toplam 800 kilometrelik yol kenar\u0131 temizlik \u00e7al\u0131\u015fmas\u0131 yap\u0131ld\u0131. 2026 y\u0131l\u0131 i\u00e7in ise bu rakam\u0131n bin kilometreye \u00e7\u0131kar\u0131lmas\u0131 planlan\u0131yor. Yang\u0131n sezonu \u00f6ncesinde ger\u00e7ekle\u015ftirilen bu \u00e7al\u0131\u015fmalar\u0131n, hem orman yang\u0131nlar\u0131n\u0131n \u00f6nlenmesine katk\u0131 sa\u011flamas\u0131, hem de kara yolu g\u00fcvenli\u011fini art\u0131rmas\u0131 hedefleniyor.<\/p>\n<p>Yang\u0131nlar ile m\u00fccadele \u00f6nleyici tedbir olarak a\u011fa\u00e7lar budan\u0131yor<br \/>\n<br \/>Mu\u011fla Orman B\u00f6lge M\u00fcd\u00fcr\u00fc Mustafa \u00dclk\u00fcd\u00fcr, Sakar rampas\u0131n\u0131n orman yang\u0131nlar\u0131 a\u00e7\u0131s\u0131ndan son derece \u00f6nemli oldu\u011funu belirterek, &#8220;Mu\u011fla Orman B\u00f6lge M\u00fcd\u00fcr\u00fc olarak orman yang\u0131nlar\u0131yla m\u00fccadele kapsam\u0131nda \u00f6nleyici tedbirler i\u00e7erisinde yol kenar\u0131 temizlik \u00e7al\u0131\u015fmalar\u0131m\u0131z ve bak\u0131m faaliyetlerini ger\u00e7ekle\u015ftiriyoruz. Aral\u0131ks\u0131z bir \u015fekilde bak\u0131m faaliyetlerinin yan\u0131nda orman k\u00f6yl\u00fclerimize de e\u011fitimleri, orman yang\u0131nlar\u0131yla m\u00fccadele e\u011fitimlerini aral\u0131ks\u0131z devam ediyoruz. Bug\u00fcn burada Sakar Ge\u00e7idi dedi\u011fimiz noktada bulunmaktay\u0131z. Buras\u0131 s\u0131f\u0131rdan 700 rak\u0131ma y\u00fckselen blok ormanl\u0131k sahalarla kapl\u0131 yang\u0131nlar a\u00e7\u0131s\u0131ndan son derece kritik \u00f6neme sahip bir noktaday\u0131z. Kara yolumuza yak\u0131n kenardaki a\u011fa\u00e7lardaki budama faaliyetlerimizi yine a\u011fa\u00e7lar\u0131m\u0131z\u0131n sa\u011fl\u0131kl\u0131 bir \u015fekilde yap\u0131ya kavu\u015fmas\u0131 i\u00e7in a\u011fa\u00e7lar\u0131m\u0131za bak\u0131m faaliyetlerini ger\u00e7ekle\u015ftiriyoruz&#8221; dedi.<\/p>\n<p>&#8220;Bin kilometre temizlik \u00e7al\u0131\u015fmas\u0131 planlan\u0131yor&#8221;<br \/>\n<br \/>Mu\u011fla Orman B\u00f6lge M\u00fcd\u00fcrl\u00fc\u011f\u00fc olarak sorumluluk alan\u0131 Ayd\u0131n ve Mu\u011fla illerinde 2025 y\u0131l\u0131nda 800 kilometre yol kenar\u0131 temizlik \u00e7al\u0131\u015fmas\u0131 yapt\u0131klar\u0131n\u0131 a\u00e7\u0131klayan Mu\u011fla Orman B\u00f6lge M\u00fcd\u00fcr\u00fc \u00dclk\u00fcd\u00fcr, 2026 y\u0131l\u0131nda bin kilometre temizlik planlad\u0131klar\u0131n\u0131 a\u00e7\u0131klayarak, &#8220;Bulundu\u011fumuz nokta yaz aylar\u0131nda \u00f6zellikle yo\u011fun ara\u00e7 trafi\u011finin ya\u015fand\u0131\u011f\u0131 nokta. Burada 2025 y\u0131l\u0131nda ya\u015fad\u0131\u011f\u0131m\u0131z birka\u00e7 ara\u00e7 ar\u0131zas\u0131ndan kaynakl\u0131 yang\u0131nlar ger\u00e7ekle\u015fti. Son anda ormana sirayet etmesi engellendi. Yapt\u0131\u011f\u0131m\u0131z bu \u00e7al\u0131\u015fmalar sonucunda yang\u0131nlara kar\u015f\u0131 bir tedbir olarak burada temizlik \u00e7al\u0131\u015fmas\u0131n\u0131 ger\u00e7ekle\u015ftiriyoruz. B\u00f6lge M\u00fcd\u00fcrl\u00fc\u011f\u00fcm\u00fcz\u00fcn sorumluluk alan\u0131nda Ayd\u0131n ve Mu\u011fla illerinde yang\u0131n sezonu \u00f6ncesinde yol kenar\u0131 temizlik \u00e7al\u0131\u015fmalar\u0131n\u0131 tamaml\u0131yoruz. 2025 y\u0131l\u0131nda 800 kilometrede bu \u00e7al\u0131\u015fmalar\u0131m\u0131z\u0131 ger\u00e7ekle\u015ftirdik. 2026 y\u0131l\u0131nda bin kilometre olacak \u015fekilde planlamam\u0131z\u0131 yapt\u0131k ve bug\u00fcn burada bu \u00e7al\u0131\u015fmalar\u0131m\u0131za start verdik. Yakla\u015fan yang\u0131n sezonu \u00f6ncesinde buradan t\u00fcm vatanda\u015flar\u0131m\u0131zdan orman yang\u0131nlar\u0131na kar\u015f\u0131 dikkatli olmalar\u0131n\u0131 istiyoruz. G\u00f6rd\u00fckleri en k\u00fc\u00e7\u00fck alevi 112 ihbar hatt\u0131m\u0131za bildirmelerini talep ediyoruz&#8221; ifadelerini kulland\u0131.<br \/><\/p>\n","protected":false},"excerpt":{"rendered":"<p>Yang\u0131na en hassas iller aras\u0131nda yer alan Mu\u011fla\u2019da, yang\u0131n sezonu \u00f6ncesi ormanl\u0131k alanlarda \u00f6nleyici \u00e7al\u0131\u015fmalar h\u0131z kesmeden s\u00fcr\u00fcyor. Mu\u011fla Orman B\u00f6lge M\u00fcd\u00fcrl\u00fc\u011f\u00fc ekipleri, muhtemel yang\u0131n riskine kar\u015f\u0131 kara yollar\u0131 kenar\u0131nda a\u011fa\u00e7 budama ve temizlik \u00e7al\u0131\u015fmalar\u0131 ger\u00e7ekle\u015ftiriyor. Bu kapsamda, 9 kilometrelik Sakar Ge\u00e7idi\u2019nde yol kenar\u0131ndaki a\u011fa\u00e7lar\u0131n yola sarkan dallar\u0131 Mu\u011fla Orman B\u00f6lge M\u00fcd\u00fcrl\u00fc\u011f\u00fc ekipleri taraf\u0131ndan temizleniyor&#8230;.<\/p>\n","protected":false},"author":1,"featured_media":91985,"comment_status":"open","ping_status":"open","sticky":false,"template":"","format":"standard","meta":{"_crdt_document":"","footnotes":""},"categories":[1],"tags":[],"class_list":["post-91984","post","type-post","status-publish","format-standard","has-post-thumbnail","hentry","category-guncel"],"_links":{"self":[{"href":"https:\/\/www.egemtv.com\/index.php?rest_route=\/wp\/v2\/posts\/91984","targetHints":{"allow":["GET"]}}],"collection":[{"href":"https:\/\/www.egemtv.com\/index.php?rest_route=\/wp\/v2\/posts"}],"about":[{"href":"https:\/\/www.egemtv.com\/index.php?rest_route=\/wp\/v2\/types\/post"}],"author":[{"embeddable":true,"href":"https:\/\/www.egemtv.com\/index.php?rest_route=\/wp\/v2\/users\/1"}],"replies":[{"embeddable":true,"href":"https:\/\/www.egemtv.com\/index.php?rest_route=%2Fwp%2Fv2%2Fcomments&post=91984"}],"version-history":[{"count":1,"href":"https:\/\/www.egemtv.com\/index.php?rest_route=\/wp\/v2\/posts\/91984\/revisions"}],"predecessor-version":[{"id":91986,"href":"https:\/\/www.egemtv.com\/index.php?rest_route=\/wp\/v2\/posts\/91984\/revisions\/91986"}],"wp:featuredmedia":[{"embeddable":true,"href":"https:\/\/www.egemtv.com\/index.php?rest_route=\/wp\/v2\/media\/91985"}],"wp:attachment":[{"href":"https:\/\/www.egemtv.com\/index.php?rest_route=%2Fwp%2Fv2%2Fmedia&parent=91984"}],"wp:term":[{"taxonomy":"category","embeddable":true,"href":"https:\/\/www.egemtv.com\/index.php?rest_route=%2Fwp%2Fv2%2Fcategories&post=91984"},{"taxonomy":"post_tag","embeddable":true,"href":"https:\/\/www.egemtv.com\/index.php?rest_route=%2Fwp%2Fv2%2Ftags&post=91984"}],"curies":[{"name":"wp","href":"https:\/\/api.w.org\/{rel}","templated":true}]}}