{"id":91981,"date":"2026-03-05T12:34:58","date_gmt":"2026-03-05T09:34:58","guid":{"rendered":"https:\/\/www.egemtv.com\/?p=91981"},"modified":"2026-03-05T12:34:59","modified_gmt":"2026-03-05T09:34:59","slug":"salihli-ilce-emniyet-sehit-aileleri-ve-gazileri-iftar-sofrasinda-agirladi","status":"publish","type":"post","link":"https:\/\/www.egemtv.com\/?p=91981","title":{"rendered":"Salihli \u0130l\u00e7e Emniyet, \u015fehit aileleri ve gazileri iftar sofras\u0131nda a\u011f\u0131rlad\u0131"},"content":{"rendered":"<p>Manisa\u2019n\u0131n Salihli il\u00e7esindeki Emniyet M\u00fcd\u00fcrl\u00fc\u011f\u00fc taraf\u0131ndan vatan i\u00e7in canlar\u0131n\u0131 feda eden \u015fehitlerin aileleri ile gaziler onuruna iftar program\u0131 d\u00fczenlendi.<br \/>\n<br \/>\u0130l\u00e7edeki bir otellde ger\u00e7ekle\u015ftirilen programa Kaymakam Ali G\u00fcldo\u011fan, Belediye Ba\u015fkan\u0131 Mazlum Nurlu, \u0130l\u00e7e Jandarma Komutan\u0131 Binba\u015f\u0131 Do\u011fukan Karaaslan, \u0130l\u00e7e Emniyet M\u00fcd\u00fcr Vekili \u00d6zg\u00fcr K\u0131l\u0131n\u00e7 ile \u015fehit aileleri ve gaziler kat\u0131ld\u0131.<br \/>\n<br \/>Programda konu\u015fan Kaymakam G\u00fcldo\u011fan, Ramazan ay\u0131n\u0131n manevi atmosferinde vatanda\u015flar\u0131n huzur ve g\u00fcvenli\u011fi i\u00e7in fedak\u00e2rca g\u00f6rev yapan emniyet personeli ile \u015fehit aileleri ve gazilerle bir arada bulunmaktan duydu\u011fu memnuniyeti dile getirdi. G\u00fcldo\u011fan, g\u00f6revlerinde ba\u015far\u0131lar dileyerek emniyet personeline te\u015fekk\u00fcr etti.<br \/>\n<br \/>Devletin ve milletin b\u00f6l\u00fcnmez b\u00fct\u00fcnl\u00fc\u011f\u00fc u\u011fruna canlar\u0131n\u0131 feda eden aziz \u015fehitleri rahmet ve minnetle and\u0131\u011f\u0131n\u0131 belirten G\u00fcldo\u011fan, gazilere de sa\u011fl\u0131kl\u0131 ve uzun \u00f6m\u00fcrler temennisinde bulundu. Kaymakam G\u00fcldo\u011fan ayr\u0131ca emniyet personelinin, \u015fehit ailelerinin ve gazilerin Ramazan ay\u0131n\u0131 tebrik etti.<br \/>\n<br \/>D\u00fczenlenen iftar program\u0131, birlik ve beraberlik mesajlar\u0131yla sona erdi.<br \/><\/p>\n","protected":false},"excerpt":{"rendered":"<p>Manisa\u2019n\u0131n Salihli il\u00e7esindeki Emniyet M\u00fcd\u00fcrl\u00fc\u011f\u00fc taraf\u0131ndan vatan i\u00e7in canlar\u0131n\u0131 feda eden \u015fehitlerin aileleri ile gaziler onuruna iftar program\u0131 d\u00fczenlendi. \u0130l\u00e7edeki bir otellde ger\u00e7ekle\u015ftirilen programa Kaymakam Ali G\u00fcldo\u011fan, Belediye Ba\u015fkan\u0131 Mazlum Nurlu, \u0130l\u00e7e Jandarma Komutan\u0131 Binba\u015f\u0131 Do\u011fukan Karaaslan, \u0130l\u00e7e Emniyet M\u00fcd\u00fcr Vekili \u00d6zg\u00fcr K\u0131l\u0131n\u00e7 ile \u015fehit aileleri ve gaziler kat\u0131ld\u0131. Programda konu\u015fan Kaymakam G\u00fcldo\u011fan, Ramazan ay\u0131n\u0131n&#8230;<\/p>\n","protected":false},"author":1,"featured_media":91982,"comment_status":"open","ping_status":"open","sticky":false,"template":"","format":"standard","meta":{"_crdt_document":"","footnotes":""},"categories":[123],"tags":[],"class_list":["post-91981","post","type-post","status-publish","format-standard","has-post-thumbnail","hentry","category-gundem"],"_links":{"self":[{"href":"https:\/\/www.egemtv.com\/index.php?rest_route=\/wp\/v2\/posts\/91981","targetHints":{"allow":["GET"]}}],"collection":[{"href":"https:\/\/www.egemtv.com\/index.php?rest_route=\/wp\/v2\/posts"}],"about":[{"href":"https:\/\/www.egemtv.com\/index.php?rest_route=\/wp\/v2\/types\/post"}],"author":[{"embeddable":true,"href":"https:\/\/www.egemtv.com\/index.php?rest_route=\/wp\/v2\/users\/1"}],"replies":[{"embeddable":true,"href":"https:\/\/www.egemtv.com\/index.php?rest_route=%2Fwp%2Fv2%2Fcomments&post=91981"}],"version-history":[{"count":1,"href":"https:\/\/www.egemtv.com\/index.php?rest_route=\/wp\/v2\/posts\/91981\/revisions"}],"predecessor-version":[{"id":91983,"href":"https:\/\/www.egemtv.com\/index.php?rest_route=\/wp\/v2\/posts\/91981\/revisions\/91983"}],"wp:featuredmedia":[{"embeddable":true,"href":"https:\/\/www.egemtv.com\/index.php?rest_route=\/wp\/v2\/media\/91982"}],"wp:attachment":[{"href":"https:\/\/www.egemtv.com\/index.php?rest_route=%2Fwp%2Fv2%2Fmedia&parent=91981"}],"wp:term":[{"taxonomy":"category","embeddable":true,"href":"https:\/\/www.egemtv.com\/index.php?rest_route=%2Fwp%2Fv2%2Fcategories&post=91981"},{"taxonomy":"post_tag","embeddable":true,"href":"https:\/\/www.egemtv.com\/index.php?rest_route=%2Fwp%2Fv2%2Ftags&post=91981"}],"curies":[{"name":"wp","href":"https:\/\/api.w.org\/{rel}","templated":true}]}}