{"id":91927,"date":"2026-03-05T10:14:55","date_gmt":"2026-03-05T07:14:55","guid":{"rendered":"https:\/\/www.egemtv.com\/?p=91927"},"modified":"2026-03-05T10:14:56","modified_gmt":"2026-03-05T07:14:56","slug":"civrilde-8-marta-ozel-dayanisma-programi","status":"publish","type":"post","link":"https:\/\/www.egemtv.com\/?p=91927","title":{"rendered":"\u00c7ivril\u2019de 8 Mart\u2019a \u00f6zel dayan\u0131\u015fma program\u0131"},"content":{"rendered":"<p>\u00c7ivril Belediyesi, D\u00fcnya Kad\u0131nlar G\u00fcn\u00fc kapsam\u0131nda &#8220;Birlikte \u00d6r\u00fcyor, Birlikte Is\u0131t\u0131yoruz&#8221; temas\u0131yla motif \u00f6rme etkinli\u011fi ve film g\u00f6sterimi d\u00fczenleyecek.<\/p>\n<p>\u00c7ivril Belediyesi, 8 Mart D\u00fcnya Kad\u0131nlar G\u00fcn\u00fc dolay\u0131s\u0131yla kad\u0131n dayan\u0131\u015fmas\u0131n\u0131 g\u00fc\u00e7lendirmeye y\u00f6nelik bir etkinlik program\u0131 haz\u0131rlad\u0131. &#8220;Birlikte \u00d6r\u00fcyor, Birlikte Is\u0131t\u0131yoruz&#8221; temas\u0131yla ger\u00e7ekle\u015ftirilecek programda motif \u00f6rme etkinli\u011fi ile film g\u00f6sterimi yer alacak. Kad\u0131nlar\u0131n bir araya gelerek dayan\u0131\u015fma ruhunu g\u00fc\u00e7lendirmesini ama\u00e7layan etkinlik, 8 Mart 2026 Pazar g\u00fcn\u00fc saat 20.30\u2019da Tren Yolu Gar Binas\u0131 Toplant\u0131 Salonu\u2019nda yap\u0131lacak. Etkinli\u011fin, kad\u0131n eme\u011fine dikkat \u00e7ekmenin yan\u0131 s\u0131ra sosyal birlikteli\u011fi art\u0131rmas\u0131 da hedefleniyor.<\/p>\n<p>\u00c7ivril Belediye Ba\u015fkan\u0131 Semih Dere yapt\u0131\u011f\u0131 a\u00e7\u0131klamada, 8 Mart D\u00fcnya Kad\u0131nlar G\u00fcn\u00fc kapsam\u0131nda haz\u0131rlanan programla kad\u0131n dayan\u0131\u015fmas\u0131n\u0131 g\u00f6r\u00fcn\u00fcr k\u0131lmak istediklerini belirterek t\u00fcm vatanda\u015flar\u0131 etkinli\u011fe davet etti.<br \/><\/p>\n","protected":false},"excerpt":{"rendered":"<p>\u00c7ivril Belediyesi, D\u00fcnya Kad\u0131nlar G\u00fcn\u00fc kapsam\u0131nda &#8220;Birlikte \u00d6r\u00fcyor, Birlikte Is\u0131t\u0131yoruz&#8221; temas\u0131yla motif \u00f6rme etkinli\u011fi ve film g\u00f6sterimi d\u00fczenleyecek. \u00c7ivril Belediyesi, 8 Mart D\u00fcnya Kad\u0131nlar G\u00fcn\u00fc dolay\u0131s\u0131yla kad\u0131n dayan\u0131\u015fmas\u0131n\u0131 g\u00fc\u00e7lendirmeye y\u00f6nelik bir etkinlik program\u0131 haz\u0131rlad\u0131. &#8220;Birlikte \u00d6r\u00fcyor, Birlikte Is\u0131t\u0131yoruz&#8221; temas\u0131yla ger\u00e7ekle\u015ftirilecek programda motif \u00f6rme etkinli\u011fi ile film g\u00f6sterimi yer alacak. Kad\u0131nlar\u0131n bir araya gelerek dayan\u0131\u015fma ruhunu&#8230;<\/p>\n","protected":false},"author":1,"featured_media":91928,"comment_status":"open","ping_status":"open","sticky":false,"template":"","format":"standard","meta":{"_crdt_document":"","footnotes":""},"categories":[1],"tags":[],"class_list":["post-91927","post","type-post","status-publish","format-standard","has-post-thumbnail","hentry","category-guncel"],"_links":{"self":[{"href":"https:\/\/www.egemtv.com\/index.php?rest_route=\/wp\/v2\/posts\/91927","targetHints":{"allow":["GET"]}}],"collection":[{"href":"https:\/\/www.egemtv.com\/index.php?rest_route=\/wp\/v2\/posts"}],"about":[{"href":"https:\/\/www.egemtv.com\/index.php?rest_route=\/wp\/v2\/types\/post"}],"author":[{"embeddable":true,"href":"https:\/\/www.egemtv.com\/index.php?rest_route=\/wp\/v2\/users\/1"}],"replies":[{"embeddable":true,"href":"https:\/\/www.egemtv.com\/index.php?rest_route=%2Fwp%2Fv2%2Fcomments&post=91927"}],"version-history":[{"count":1,"href":"https:\/\/www.egemtv.com\/index.php?rest_route=\/wp\/v2\/posts\/91927\/revisions"}],"predecessor-version":[{"id":91929,"href":"https:\/\/www.egemtv.com\/index.php?rest_route=\/wp\/v2\/posts\/91927\/revisions\/91929"}],"wp:featuredmedia":[{"embeddable":true,"href":"https:\/\/www.egemtv.com\/index.php?rest_route=\/wp\/v2\/media\/91928"}],"wp:attachment":[{"href":"https:\/\/www.egemtv.com\/index.php?rest_route=%2Fwp%2Fv2%2Fmedia&parent=91927"}],"wp:term":[{"taxonomy":"category","embeddable":true,"href":"https:\/\/www.egemtv.com\/index.php?rest_route=%2Fwp%2Fv2%2Fcategories&post=91927"},{"taxonomy":"post_tag","embeddable":true,"href":"https:\/\/www.egemtv.com\/index.php?rest_route=%2Fwp%2Fv2%2Ftags&post=91927"}],"curies":[{"name":"wp","href":"https:\/\/api.w.org\/{rel}","templated":true}]}}