{"id":91924,"date":"2026-03-05T10:14:54","date_gmt":"2026-03-05T07:14:54","guid":{"rendered":"https:\/\/www.egemtv.com\/?p=91924"},"modified":"2026-03-05T10:14:55","modified_gmt":"2026-03-05T07:14:55","slug":"aydin-buyuksehir-incirliovada-vatandaslari-ramazan-etkinlikleri-ile-bir-araya-getirdi","status":"publish","type":"post","link":"https:\/\/www.egemtv.com\/?p=91924","title":{"rendered":"Ayd\u0131n B\u00fcy\u00fck\u015fehir, \u0130ncirliova\u2019da vatanda\u015flar\u0131 Ramazan etkinlikleri ile bir araya getirdi"},"content":{"rendered":"<p>Ayd\u0131n B\u00fcy\u00fck\u015fehir Belediyesi taraf\u0131ndan Ramazan ay\u0131 boyunca d\u00fczenlenen etkinlikler devam ediyor.<br \/>\n<br \/>Etkinlikler, \u0130ncirliova il\u00e7esinde vatanda\u015flarla bulu\u015ftu. B\u00fcy\u00fck\u015fehir Belediyesi\u2019nin iftar program\u0131 ile birlikte ger\u00e7ekle\u015ftirilen etkinlikler, y\u00fczlerce vatanda\u015f\u0131n kat\u0131l\u0131m\u0131yla Ramazan ak\u015fam\u0131na renk katt\u0131.<br \/>\n<br \/>\u0130ncirliova\u2019da kurulan etkinlik alan\u0131nda \u00f6zellikle \u00e7ocuklar i\u00e7in haz\u0131rlanan g\u00f6steriler ve oyun alanlar\u0131 yo\u011fun ilgi g\u00f6rd\u00fc. Geleneksel Ramazan k\u00fclt\u00fcr\u00fcn\u00fc ya\u015fatan programlarda Hacivat-Karag\u00f6z g\u00f6sterileri, meddah anlat\u0131lar\u0131, A\u015fuk ile Ma\u015fuk g\u00f6sterileri, jongl\u00f6r ve ill\u00fczyonist performanslar\u0131 vatanda\u015flardan be\u011feni toplad\u0131.<br \/>\n<br \/>Aileler meydanda bir araya gelerek Ramazan ay\u0131n\u0131n birlik ve beraberlik atmosferini payla\u015f\u0131rken, \u00e7ocuklar sahne etkinlikleri ve aktivitelerle e\u011flenceli vakit ge\u00e7irdi. Vatanda\u015flara Ramazan \u015ferbeti ve Osmanl\u0131 macunu da ikram edildi.<br \/>\n<br \/>Etkinliklerden duyduklar\u0131 memnuniyeti dile getiren \u00e7ocuklar ve aileleri, Ayd\u0131n B\u00fcy\u00fck\u015fehir Belediye Ba\u015fkan\u0131 \u00d6zlem \u00c7er\u00e7io\u011flu\u2019na te\u015fekk\u00fcr etti.<br \/>\n<br \/>Ramazan etkinlikleri, Ayd\u0131nl\u0131larla bulu\u015fmay\u0131 s\u00fcrd\u00fcrecek. Etkinlikler, 5-15 Mart tarihleri aras\u0131nda Fuar Ayd\u0131n\u2019da d\u00fczenlenecek. Ayd\u0131n Tekstil Park i\u00e7erisinde bulunan Fuar Ayd\u0131n\u2019da etkinlikler hafta i\u00e7i 18.00 ile 22.00, hafta sonu ise 14.00 ile 22.00 saatleri aras\u0131nda ger\u00e7ekle\u015ftirilecek.<br \/><\/p>\n","protected":false},"excerpt":{"rendered":"<p>Ayd\u0131n B\u00fcy\u00fck\u015fehir Belediyesi taraf\u0131ndan Ramazan ay\u0131 boyunca d\u00fczenlenen etkinlikler devam ediyor. Etkinlikler, \u0130ncirliova il\u00e7esinde vatanda\u015flarla bulu\u015ftu. B\u00fcy\u00fck\u015fehir Belediyesi\u2019nin iftar program\u0131 ile birlikte ger\u00e7ekle\u015ftirilen etkinlikler, y\u00fczlerce vatanda\u015f\u0131n kat\u0131l\u0131m\u0131yla Ramazan ak\u015fam\u0131na renk katt\u0131. \u0130ncirliova\u2019da kurulan etkinlik alan\u0131nda \u00f6zellikle \u00e7ocuklar i\u00e7in haz\u0131rlanan g\u00f6steriler ve oyun alanlar\u0131 yo\u011fun ilgi g\u00f6rd\u00fc. Geleneksel Ramazan k\u00fclt\u00fcr\u00fcn\u00fc ya\u015fatan programlarda Hacivat-Karag\u00f6z g\u00f6sterileri, meddah anlat\u0131lar\u0131,&#8230;<\/p>\n","protected":false},"author":1,"featured_media":91925,"comment_status":"open","ping_status":"open","sticky":false,"template":"","format":"standard","meta":{"_crdt_document":"","footnotes":""},"categories":[1],"tags":[],"class_list":["post-91924","post","type-post","status-publish","format-standard","has-post-thumbnail","hentry","category-guncel"],"_links":{"self":[{"href":"https:\/\/www.egemtv.com\/index.php?rest_route=\/wp\/v2\/posts\/91924","targetHints":{"allow":["GET"]}}],"collection":[{"href":"https:\/\/www.egemtv.com\/index.php?rest_route=\/wp\/v2\/posts"}],"about":[{"href":"https:\/\/www.egemtv.com\/index.php?rest_route=\/wp\/v2\/types\/post"}],"author":[{"embeddable":true,"href":"https:\/\/www.egemtv.com\/index.php?rest_route=\/wp\/v2\/users\/1"}],"replies":[{"embeddable":true,"href":"https:\/\/www.egemtv.com\/index.php?rest_route=%2Fwp%2Fv2%2Fcomments&post=91924"}],"version-history":[{"count":1,"href":"https:\/\/www.egemtv.com\/index.php?rest_route=\/wp\/v2\/posts\/91924\/revisions"}],"predecessor-version":[{"id":91926,"href":"https:\/\/www.egemtv.com\/index.php?rest_route=\/wp\/v2\/posts\/91924\/revisions\/91926"}],"wp:featuredmedia":[{"embeddable":true,"href":"https:\/\/www.egemtv.com\/index.php?rest_route=\/wp\/v2\/media\/91925"}],"wp:attachment":[{"href":"https:\/\/www.egemtv.com\/index.php?rest_route=%2Fwp%2Fv2%2Fmedia&parent=91924"}],"wp:term":[{"taxonomy":"category","embeddable":true,"href":"https:\/\/www.egemtv.com\/index.php?rest_route=%2Fwp%2Fv2%2Fcategories&post=91924"},{"taxonomy":"post_tag","embeddable":true,"href":"https:\/\/www.egemtv.com\/index.php?rest_route=%2Fwp%2Fv2%2Ftags&post=91924"}],"curies":[{"name":"wp","href":"https:\/\/api.w.org\/{rel}","templated":true}]}}