{"id":91921,"date":"2026-03-05T10:14:53","date_gmt":"2026-03-05T07:14:53","guid":{"rendered":"https:\/\/www.egemtv.com\/?p=91921"},"modified":"2026-03-05T10:14:54","modified_gmt":"2026-03-05T07:14:54","slug":"cameli-belediyesi-gonulleri-iftar-sofrasinda-bulusturmaya-devam-ediyor","status":"publish","type":"post","link":"https:\/\/www.egemtv.com\/?p=91921","title":{"rendered":"\u00c7ameli Belediyesi g\u00f6n\u00fclleri iftar sofras\u0131nda bulu\u015fturmaya devam ediyor"},"content":{"rendered":"<p>\u00c7ameli Belediyesi \u00f6nc\u00fcl\u00fc\u011f\u00fcnde ve mahalle sakinlerinin katk\u0131lar\u0131yla \u0130mamlar Mahallesi\u2019nde kurulan iftar sofras\u0131nda vatanda\u015flar bir araya gelerek Ramazan ay\u0131n\u0131n bereketini payla\u015ft\u0131.<br \/>\n<br \/>\u00c7ameli\u2019nin \u0130mamlar Mahallesi\u2019nde, \u00c7ameli Belediyesi ve mahalle sakinlerinin katk\u0131lar\u0131yla kurulan iftar sofras\u0131nda vatanda\u015flar bir araya geldi. Ramazan ay\u0131n\u0131n manevi atmosferinde d\u00fczenlenen programda ayn\u0131 sofrada bulu\u015fman\u0131n huzuru ve edilen dualar\u0131n g\u00fczelli\u011fi g\u00f6n\u00fclleri birle\u015ftirdi. D\u00fczenlenen iftar program\u0131na Cengiz Arslan, Adalet ve Kalk\u0131nma Partisi \u00c7ameli \u0130l\u00e7e Ba\u015fkan\u0131 Cengiz Y\u0131lmaz\u2019\u0131 temsilen y\u00f6netim kurulu \u00fcyesi Sibel Akyol, Erol G\u00fcner ve belediye meclis \u00fcyeleri kat\u0131ld\u0131.<br \/>\n<br \/>\u0130ftar program\u0131nda konu\u015fan Belediye Ba\u015fkan\u0131 Cengiz Arslan, ev sahipli\u011finden dolay\u0131 Burhan S\u00f6nmez\u2019e te\u015fekk\u00fcr ederek iftar sofras\u0131na kat\u0131lan t\u00fcm vatanda\u015flara \u015f\u00fckranlar\u0131n\u0131 sundu.<br \/>\n<br \/>Ramazan ay\u0131n\u0131n birlik, beraberlik ve dayan\u0131\u015fma ruhunu peki\u015ftirdi\u011fini belirten Ba\u015fkan Arslan, bu t\u00fcr bulu\u015fmalar\u0131n toplumun kayna\u015fmas\u0131na \u00f6nemli katk\u0131 sa\u011flad\u0131\u011f\u0131n\u0131 ifade etti.<br \/><\/p>\n","protected":false},"excerpt":{"rendered":"<p>\u00c7ameli Belediyesi \u00f6nc\u00fcl\u00fc\u011f\u00fcnde ve mahalle sakinlerinin katk\u0131lar\u0131yla \u0130mamlar Mahallesi\u2019nde kurulan iftar sofras\u0131nda vatanda\u015flar bir araya gelerek Ramazan ay\u0131n\u0131n bereketini payla\u015ft\u0131. \u00c7ameli\u2019nin \u0130mamlar Mahallesi\u2019nde, \u00c7ameli Belediyesi ve mahalle sakinlerinin katk\u0131lar\u0131yla kurulan iftar sofras\u0131nda vatanda\u015flar bir araya geldi. Ramazan ay\u0131n\u0131n manevi atmosferinde d\u00fczenlenen programda ayn\u0131 sofrada bulu\u015fman\u0131n huzuru ve edilen dualar\u0131n g\u00fczelli\u011fi g\u00f6n\u00fclleri birle\u015ftirdi. D\u00fczenlenen iftar program\u0131na&#8230;<\/p>\n","protected":false},"author":1,"featured_media":91922,"comment_status":"open","ping_status":"open","sticky":false,"template":"","format":"standard","meta":{"_crdt_document":"","footnotes":""},"categories":[1],"tags":[],"class_list":["post-91921","post","type-post","status-publish","format-standard","has-post-thumbnail","hentry","category-guncel"],"_links":{"self":[{"href":"https:\/\/www.egemtv.com\/index.php?rest_route=\/wp\/v2\/posts\/91921","targetHints":{"allow":["GET"]}}],"collection":[{"href":"https:\/\/www.egemtv.com\/index.php?rest_route=\/wp\/v2\/posts"}],"about":[{"href":"https:\/\/www.egemtv.com\/index.php?rest_route=\/wp\/v2\/types\/post"}],"author":[{"embeddable":true,"href":"https:\/\/www.egemtv.com\/index.php?rest_route=\/wp\/v2\/users\/1"}],"replies":[{"embeddable":true,"href":"https:\/\/www.egemtv.com\/index.php?rest_route=%2Fwp%2Fv2%2Fcomments&post=91921"}],"version-history":[{"count":1,"href":"https:\/\/www.egemtv.com\/index.php?rest_route=\/wp\/v2\/posts\/91921\/revisions"}],"predecessor-version":[{"id":91923,"href":"https:\/\/www.egemtv.com\/index.php?rest_route=\/wp\/v2\/posts\/91921\/revisions\/91923"}],"wp:featuredmedia":[{"embeddable":true,"href":"https:\/\/www.egemtv.com\/index.php?rest_route=\/wp\/v2\/media\/91922"}],"wp:attachment":[{"href":"https:\/\/www.egemtv.com\/index.php?rest_route=%2Fwp%2Fv2%2Fmedia&parent=91921"}],"wp:term":[{"taxonomy":"category","embeddable":true,"href":"https:\/\/www.egemtv.com\/index.php?rest_route=%2Fwp%2Fv2%2Fcategories&post=91921"},{"taxonomy":"post_tag","embeddable":true,"href":"https:\/\/www.egemtv.com\/index.php?rest_route=%2Fwp%2Fv2%2Ftags&post=91921"}],"curies":[{"name":"wp","href":"https:\/\/api.w.org\/{rel}","templated":true}]}}