{"id":91918,"date":"2026-03-05T10:14:51","date_gmt":"2026-03-05T07:14:51","guid":{"rendered":"https:\/\/www.egemtv.com\/?p=91918"},"modified":"2026-03-05T10:14:52","modified_gmt":"2026-03-05T07:14:52","slug":"vali-akbiyik-sehit-aileleri-gaziler-ile-iftar-sofrasinda-bulustu","status":"publish","type":"post","link":"https:\/\/www.egemtv.com\/?p=91918","title":{"rendered":"Vali Akb\u0131y\u0131k, \u015fehit aileleri, gaziler ile iftar sofras\u0131nda bulu\u015ftu"},"content":{"rendered":"<p>Mu\u011fla Valisi Say\u0131n Dr. \u0130dris Akb\u0131y\u0131k, \u0130l Emniyet M\u00fcd\u00fcrl\u00fc\u011f\u00fc taraf\u0131ndan d\u00fczenlenen geleneksel iftar program\u0131nda \u015fehit aileleri, gaziler ve emniyet mensuplar\u0131 ile bir araya geldi.<\/p>\n<p>Birlik, beraberlik ve maneviyat\u0131n payla\u015f\u0131ld\u0131\u011f\u0131 programda davetlilerle yak\u0131ndan ilgilenen Vali Akb\u0131y\u0131k, emniyet te\u015fkilat\u0131n\u0131n huzur ve g\u00fcven dolu bir gelecek i\u00e7in \u00fcstlendi\u011fi kritik role dikkat \u00e7ekti.<\/p>\n<p>Programda bir konu\u015fma yapan Vali Dr. \u0130dris Akb\u0131y\u0131k, T\u00fcrk Polis Te\u015fkilat\u0131\u2019n\u0131n k\u00f6kl\u00fc ge\u00e7mi\u015fine vurgu yaparak \u015funlar\u0131 s\u00f6yledi: &#8220;K\u00f6kl\u00fc bir ge\u00e7mi\u015fe sahip olan Emniyet Te\u015fkilat\u0131m\u0131z, kurulu\u015fundan bu yana devletimizin bekas\u0131, milletimizin huzuru ve kamu d\u00fczeninin tesisi i\u00e7in gece g\u00fcnd\u00fcz demeden g\u00f6rev yapmaktad\u0131r. Mu\u011fla\u2019m\u0131zda g\u00f6revini y\u00fcksek bir sorumluluk bilinciyle s\u00fcrd\u00fcren t\u00fcm emniyet mensuplar\u0131m\u0131za \u015f\u00fckranlar\u0131m\u0131 sunuyorum&#8221;<\/p>\n<p>Konu\u015fmas\u0131nda \u015fehitlerin ve gazilerin fedakarl\u0131klar\u0131n\u0131n asla unutulmayaca\u011f\u0131n\u0131 belirten Vali Akb\u0131y\u0131k, \u015fehit ailelerinin devletin en k\u0131ymetli emaneti oldu\u011funu ifade ederek, &#8220;Aziz \u015fehitlerimizin ruhlar\u0131 \u015fad, mekanlar\u0131 cennet, makamlar\u0131 \u00e2li olsun. Onlar\u0131n cesareti ve fedakarl\u0131\u011f\u0131, bu topraklarda h\u00fcr ve onurlu bir \u015fekilde ya\u015fayabilmemizin en b\u00fcy\u00fck teminat\u0131d\u0131r. Aziz \u015fehitlerimizin bizlere emaneti olan k\u0131ymetli aileleri ba\u015f\u0131m\u0131z\u0131n tac\u0131d\u0131r; devletimiz ve milletimiz her daim yan\u0131n\u0131zdad\u0131r. Gazilerimiz ise ta\u015f\u0131d\u0131klar\u0131 onurlu unvanla milletimizin g\u00f6nl\u00fcnde ayr\u0131 bir yere sahiptir&#8221;<br \/>\n<br \/>Vali Dr. \u0130dris Akb\u0131y\u0131k, toplumun her ferdine d\u00fc\u015fen sorumlulu\u011fu hat\u0131rlatarak; \u015fehitlerin hat\u0131ralar\u0131n\u0131 ya\u015fatman\u0131n, emanetlerine sahip \u00e7\u0131kman\u0131n ve \u00fclkenin birlik ve beraberli\u011fini her ge\u00e7en g\u00fcn daha da g\u00fc\u00e7lendirmenin en temel g\u00f6rev oldu\u011funu vurgulad\u0131.<br \/>\n<br \/>\u0130ftar program\u0131, yap\u0131lan dualar\u0131n ard\u0131ndan kar\u015f\u0131l\u0131kl\u0131 sohbet ve iyi dileklerle sona erdi.<br \/><\/p>\n","protected":false},"excerpt":{"rendered":"<p>Mu\u011fla Valisi Say\u0131n Dr. \u0130dris Akb\u0131y\u0131k, \u0130l Emniyet M\u00fcd\u00fcrl\u00fc\u011f\u00fc taraf\u0131ndan d\u00fczenlenen geleneksel iftar program\u0131nda \u015fehit aileleri, gaziler ve emniyet mensuplar\u0131 ile bir araya geldi. Birlik, beraberlik ve maneviyat\u0131n payla\u015f\u0131ld\u0131\u011f\u0131 programda davetlilerle yak\u0131ndan ilgilenen Vali Akb\u0131y\u0131k, emniyet te\u015fkilat\u0131n\u0131n huzur ve g\u00fcven dolu bir gelecek i\u00e7in \u00fcstlendi\u011fi kritik role dikkat \u00e7ekti. Programda bir konu\u015fma yapan Vali Dr&#8230;.<\/p>\n","protected":false},"author":1,"featured_media":91919,"comment_status":"open","ping_status":"open","sticky":false,"template":"","format":"standard","meta":{"_crdt_document":"","footnotes":""},"categories":[1],"tags":[],"class_list":["post-91918","post","type-post","status-publish","format-standard","has-post-thumbnail","hentry","category-guncel"],"_links":{"self":[{"href":"https:\/\/www.egemtv.com\/index.php?rest_route=\/wp\/v2\/posts\/91918","targetHints":{"allow":["GET"]}}],"collection":[{"href":"https:\/\/www.egemtv.com\/index.php?rest_route=\/wp\/v2\/posts"}],"about":[{"href":"https:\/\/www.egemtv.com\/index.php?rest_route=\/wp\/v2\/types\/post"}],"author":[{"embeddable":true,"href":"https:\/\/www.egemtv.com\/index.php?rest_route=\/wp\/v2\/users\/1"}],"replies":[{"embeddable":true,"href":"https:\/\/www.egemtv.com\/index.php?rest_route=%2Fwp%2Fv2%2Fcomments&post=91918"}],"version-history":[{"count":1,"href":"https:\/\/www.egemtv.com\/index.php?rest_route=\/wp\/v2\/posts\/91918\/revisions"}],"predecessor-version":[{"id":91920,"href":"https:\/\/www.egemtv.com\/index.php?rest_route=\/wp\/v2\/posts\/91918\/revisions\/91920"}],"wp:featuredmedia":[{"embeddable":true,"href":"https:\/\/www.egemtv.com\/index.php?rest_route=\/wp\/v2\/media\/91919"}],"wp:attachment":[{"href":"https:\/\/www.egemtv.com\/index.php?rest_route=%2Fwp%2Fv2%2Fmedia&parent=91918"}],"wp:term":[{"taxonomy":"category","embeddable":true,"href":"https:\/\/www.egemtv.com\/index.php?rest_route=%2Fwp%2Fv2%2Fcategories&post=91918"},{"taxonomy":"post_tag","embeddable":true,"href":"https:\/\/www.egemtv.com\/index.php?rest_route=%2Fwp%2Fv2%2Ftags&post=91918"}],"curies":[{"name":"wp","href":"https:\/\/api.w.org\/{rel}","templated":true}]}}