{"id":91906,"date":"2026-03-05T10:14:47","date_gmt":"2026-03-05T07:14:47","guid":{"rendered":"https:\/\/www.egemtv.com\/?p=91906"},"modified":"2026-03-05T10:14:48","modified_gmt":"2026-03-05T07:14:48","slug":"didimde-parklar-cocuklar-icin-yenilendi","status":"publish","type":"post","link":"https:\/\/www.egemtv.com\/?p=91906","title":{"rendered":"Didim\u2019de parklar \u00e7ocuklar i\u00e7in yenilendi"},"content":{"rendered":"<p>Ayd\u0131n\u2019\u0131n Didim il\u00e7esinde saha \u00e7al\u0131\u015fmalar\u0131n\u0131 s\u00fcrd\u00fcren belediye ekipleri, \u00e7ocuklar i\u00e7in oyun parklar\u0131nda yenileme ve bak\u0131m \u00e7al\u0131\u015fmas\u0131 ger\u00e7ekle\u015ftirdi.<\/p>\n<p>Didim Belediyesi Park ve Bah\u00e7eler M\u00fcd\u00fcrl\u00fc\u011f\u00fc ekipleri, \u00e7ocuklar\u0131n ve ailelerin keyifle vakit ge\u00e7irebilece\u011fi alanlar olu\u015fturmak i\u00e7in bak\u0131m, onar\u0131m ve yenileme \u00e7al\u0131\u015fmalar\u0131n\u0131 aral\u0131ks\u0131z s\u00fcrd\u00fcr\u00fcyor. \u00c7al\u0131\u015fmalar kapsam\u0131nda, Belediye ekiplerince, y\u0131pranan oyun gruplar\u0131 elden ge\u00e7irilirken, zemin kaplamalar\u0131 yenileniyor, ye\u015fil alanlarda \u00e7im bi\u00e7me ve peyzaj d\u00fczenlemeleri titizlikle ger\u00e7ekle\u015ftiriliyor. A\u011fa\u00e7 budama, mevsimlik \u00e7i\u00e7ek dikimi ve \u00e7evre d\u00fczenleme \u00e7al\u0131\u015fmalar\u0131yla parklar bahar\u0131n enerjisini yans\u0131tan bir g\u00f6r\u00fcn\u00fcme kavu\u015fuyor.<\/p>\n<p>Didim Belediye Ba\u015fkan\u0131 Hatice Gen\u00e7ay, y\u00fcr\u00fct\u00fclen \u00e7al\u0131\u015fmalarla ilgili yapt\u0131\u011f\u0131 a\u00e7\u0131klamada &#8220;Bahar\u0131n geli\u015fiyle birlikte parklar\u0131m\u0131z\u0131 daha g\u00fcvenli, daha temiz ve daha estetik hale getirmek i\u00e7in ekiplerimiz b\u00fcy\u00fck bir \u00f6zveriyle \u00e7al\u0131\u015f\u0131yor. Halk\u0131m\u0131z\u0131n daha ye\u015fil ve daha ya\u015fanabilir bir \u015fehirde hayat s\u00fcrmesi i\u00e7in \u00e7al\u0131\u015fmalar\u0131m\u0131za kararl\u0131l\u0131kla devam edece\u011fiz&#8221; dedi.<br \/><\/p>\n","protected":false},"excerpt":{"rendered":"<p>Ayd\u0131n\u2019\u0131n Didim il\u00e7esinde saha \u00e7al\u0131\u015fmalar\u0131n\u0131 s\u00fcrd\u00fcren belediye ekipleri, \u00e7ocuklar i\u00e7in oyun parklar\u0131nda yenileme ve bak\u0131m \u00e7al\u0131\u015fmas\u0131 ger\u00e7ekle\u015ftirdi. Didim Belediyesi Park ve Bah\u00e7eler M\u00fcd\u00fcrl\u00fc\u011f\u00fc ekipleri, \u00e7ocuklar\u0131n ve ailelerin keyifle vakit ge\u00e7irebilece\u011fi alanlar olu\u015fturmak i\u00e7in bak\u0131m, onar\u0131m ve yenileme \u00e7al\u0131\u015fmalar\u0131n\u0131 aral\u0131ks\u0131z s\u00fcrd\u00fcr\u00fcyor. \u00c7al\u0131\u015fmalar kapsam\u0131nda, Belediye ekiplerince, y\u0131pranan oyun gruplar\u0131 elden ge\u00e7irilirken, zemin kaplamalar\u0131 yenileniyor, ye\u015fil alanlarda \u00e7im&#8230;<\/p>\n","protected":false},"author":1,"featured_media":91907,"comment_status":"open","ping_status":"open","sticky":false,"template":"","format":"standard","meta":{"_crdt_document":"","footnotes":""},"categories":[1],"tags":[],"class_list":["post-91906","post","type-post","status-publish","format-standard","has-post-thumbnail","hentry","category-guncel"],"_links":{"self":[{"href":"https:\/\/www.egemtv.com\/index.php?rest_route=\/wp\/v2\/posts\/91906","targetHints":{"allow":["GET"]}}],"collection":[{"href":"https:\/\/www.egemtv.com\/index.php?rest_route=\/wp\/v2\/posts"}],"about":[{"href":"https:\/\/www.egemtv.com\/index.php?rest_route=\/wp\/v2\/types\/post"}],"author":[{"embeddable":true,"href":"https:\/\/www.egemtv.com\/index.php?rest_route=\/wp\/v2\/users\/1"}],"replies":[{"embeddable":true,"href":"https:\/\/www.egemtv.com\/index.php?rest_route=%2Fwp%2Fv2%2Fcomments&post=91906"}],"version-history":[{"count":1,"href":"https:\/\/www.egemtv.com\/index.php?rest_route=\/wp\/v2\/posts\/91906\/revisions"}],"predecessor-version":[{"id":91908,"href":"https:\/\/www.egemtv.com\/index.php?rest_route=\/wp\/v2\/posts\/91906\/revisions\/91908"}],"wp:featuredmedia":[{"embeddable":true,"href":"https:\/\/www.egemtv.com\/index.php?rest_route=\/wp\/v2\/media\/91907"}],"wp:attachment":[{"href":"https:\/\/www.egemtv.com\/index.php?rest_route=%2Fwp%2Fv2%2Fmedia&parent=91906"}],"wp:term":[{"taxonomy":"category","embeddable":true,"href":"https:\/\/www.egemtv.com\/index.php?rest_route=%2Fwp%2Fv2%2Fcategories&post=91906"},{"taxonomy":"post_tag","embeddable":true,"href":"https:\/\/www.egemtv.com\/index.php?rest_route=%2Fwp%2Fv2%2Ftags&post=91906"}],"curies":[{"name":"wp","href":"https:\/\/api.w.org\/{rel}","templated":true}]}}