{"id":91900,"date":"2026-03-05T00:54:30","date_gmt":"2026-03-04T21:54:30","guid":{"rendered":"https:\/\/www.egemtv.com\/?p=91900"},"modified":"2026-03-05T00:54:33","modified_gmt":"2026-03-04T21:54:33","slug":"driftin-bedelini-agir-odedi-hem-ehliyetinden-oldu-hem-146-bin-lira-ceza-yedi","status":"publish","type":"post","link":"https:\/\/www.egemtv.com\/?p=91900","title":{"rendered":"Driftin bedelini a\u011f\u0131r \u00f6dedi: Hem ehliyetinden oldu hem 146 bin lira ceza yedi"},"content":{"rendered":"<p>\u0130zmir\u2019in Bornova il\u00e7esinde, ATV arac\u0131yla drift yapan s\u00fcr\u00fcc\u00fcye 146 bin 712 TL idari para cezas\u0131 uyguland\u0131. \u00c7al\u0131\u015fmalar kapsam\u0131nda yakalanan \u015fahs\u0131n s\u00fcr\u00fcc\u00fc belgesine ise 60 g\u00fcn s\u00fcreyle el konuldu.<br \/>\n<br \/>Trafik Denetleme \u015eube M\u00fcd\u00fcrl\u00fc\u011f\u00fc sivil ekipleri, 35 ARD 440 plakal\u0131 ara\u00e7 s\u00fcr\u00fcc\u00fcs\u00fcn\u00fcn 4. Sanayi 129\/13 Sokak \u00fczerinde drift yapt\u0131\u011f\u0131n\u0131 tespit etti. Yakalanan s\u00fcr\u00fcc\u00fc Y.O. (34) hakk\u0131nda Karayollar\u0131 Trafik Kanunu\u2019nun ilgili maddeleri uyar\u0131nca i\u015flem yap\u0131ld\u0131.<\/p>\n<p>Y\u00fcksek miktarda para cezas\u0131<br \/>\n<br \/>S\u00fcr\u00fcc\u00fcye ge\u00e7erlilik s\u00fcresi dolan ehliyetle ara\u00e7 kullanmak, trafik g\u00fcvenli\u011fini tehlikeye atmak, drift yapmak ve kamunun huzurunu bozmak su\u00e7lar\u0131ndan toplam 146 bin 712 TL para cezas\u0131 kesildi. \u015eahs\u0131n s\u00fcr\u00fcc\u00fc belgesinin 60 g\u00fcn s\u00fcreyle geri al\u0131nd\u0131\u011f\u0131 kaydedildi.<\/p>\n<p>Adli i\u015flem ba\u015flat\u0131ld\u0131<br \/>\n<br \/>\u015e\u00fcpheli \u015fah\u0131s, T\u00fcrk Ceza Kanunu\u2019nun 179\/2 maddesi kapsam\u0131nda adli i\u015flem yap\u0131lmak \u00fczere Bornova Polis Merkezi Amirli\u011fi\u2019ne teslim edildi.<br \/><\/p>\n","protected":false},"excerpt":{"rendered":"<p>\u0130zmir\u2019in Bornova il\u00e7esinde, ATV arac\u0131yla drift yapan s\u00fcr\u00fcc\u00fcye 146 bin 712 TL idari para cezas\u0131 uyguland\u0131. \u00c7al\u0131\u015fmalar kapsam\u0131nda yakalanan \u015fahs\u0131n s\u00fcr\u00fcc\u00fc belgesine ise 60 g\u00fcn s\u00fcreyle el konuldu. Trafik Denetleme \u015eube M\u00fcd\u00fcrl\u00fc\u011f\u00fc sivil ekipleri, 35 ARD 440 plakal\u0131 ara\u00e7 s\u00fcr\u00fcc\u00fcs\u00fcn\u00fcn 4. Sanayi 129\/13 Sokak \u00fczerinde drift yapt\u0131\u011f\u0131n\u0131 tespit etti. Yakalanan s\u00fcr\u00fcc\u00fc Y.O. (34) hakk\u0131nda Karayollar\u0131&#8230;<\/p>\n","protected":false},"author":1,"featured_media":91901,"comment_status":"open","ping_status":"open","sticky":false,"template":"","format":"standard","meta":{"_crdt_document":"","footnotes":""},"categories":[5],"tags":[],"class_list":["post-91900","post","type-post","status-publish","format-standard","has-post-thumbnail","hentry","category-asayis"],"_links":{"self":[{"href":"https:\/\/www.egemtv.com\/index.php?rest_route=\/wp\/v2\/posts\/91900","targetHints":{"allow":["GET"]}}],"collection":[{"href":"https:\/\/www.egemtv.com\/index.php?rest_route=\/wp\/v2\/posts"}],"about":[{"href":"https:\/\/www.egemtv.com\/index.php?rest_route=\/wp\/v2\/types\/post"}],"author":[{"embeddable":true,"href":"https:\/\/www.egemtv.com\/index.php?rest_route=\/wp\/v2\/users\/1"}],"replies":[{"embeddable":true,"href":"https:\/\/www.egemtv.com\/index.php?rest_route=%2Fwp%2Fv2%2Fcomments&post=91900"}],"version-history":[{"count":1,"href":"https:\/\/www.egemtv.com\/index.php?rest_route=\/wp\/v2\/posts\/91900\/revisions"}],"predecessor-version":[{"id":91902,"href":"https:\/\/www.egemtv.com\/index.php?rest_route=\/wp\/v2\/posts\/91900\/revisions\/91902"}],"wp:featuredmedia":[{"embeddable":true,"href":"https:\/\/www.egemtv.com\/index.php?rest_route=\/wp\/v2\/media\/91901"}],"wp:attachment":[{"href":"https:\/\/www.egemtv.com\/index.php?rest_route=%2Fwp%2Fv2%2Fmedia&parent=91900"}],"wp:term":[{"taxonomy":"category","embeddable":true,"href":"https:\/\/www.egemtv.com\/index.php?rest_route=%2Fwp%2Fv2%2Fcategories&post=91900"},{"taxonomy":"post_tag","embeddable":true,"href":"https:\/\/www.egemtv.com\/index.php?rest_route=%2Fwp%2Fv2%2Ftags&post=91900"}],"curies":[{"name":"wp","href":"https:\/\/api.w.org\/{rel}","templated":true}]}}