{"id":91897,"date":"2026-03-05T00:34:36","date_gmt":"2026-03-04T21:34:36","guid":{"rendered":"https:\/\/www.egemtv.com\/?p=91897"},"modified":"2026-03-05T00:34:38","modified_gmt":"2026-03-04T21:34:38","slug":"aydinda-bir-evde-yangin-cikti","status":"publish","type":"post","link":"https:\/\/www.egemtv.com\/?p=91897","title":{"rendered":"Ayd\u0131n\u2019da bir evde yang\u0131n \u00e7\u0131kt\u0131"},"content":{"rendered":"<p>Ayd\u0131n\u2019\u0131n \u0130ncirliova il\u00e7esinde m\u00fcstakil bir evde \u00e7\u0131kan yang\u0131n ekiplerin m\u00fcdahelesiyle s\u00f6nd\u00fcr\u00fcl\u00fcrken, ev kullan\u0131lamaz hale geldi.<\/p>\n<p>Yang\u0131n, \u0130ncirliova il\u00e7esi Erbeyli Mahallesi\u2019nde meydana geldi. Edinilen bilgiye g\u00f6re Hatice T.\u2019ye ait evde hen\u00fcz belirlenemeyen bir nedenle yang\u0131n \u00e7\u0131kt\u0131. K\u0131sa s\u00fcrede b\u00fcy\u00fcyen alevler, r\u00fczgar\u0131n etkisi ile t\u00fcm evi sard\u0131. Yang\u0131n\u0131 fark eden vatanda\u015flar durumu 112 Acil \u00c7a\u011fr\u0131 Merkezi\u2019ne bildirdi. \u0130hbar \u00fczerine b\u00f6lgeye itfaiye, sa\u011fl\u0131k ve jandarma ekipleri sevk edildi. K\u0131sa s\u00fcrede b\u00f6lgeye gelen itfaiye ekipleri, alevlere m\u00fcdahale ederken, yang\u0131nda her hangi bir can kayb\u0131 ve yaralanan olmad\u0131\u011f\u0131 \u00f6\u011frenildi. Alevlerin s\u00f6nd\u00fcr\u00fclmesinin ard\u0131ndan ekipler so\u011futma \u00e7al\u0131\u015fmas\u0131 ger\u00e7ekle\u015ftirirken, yang\u0131nda ev kullan\u0131lmaz hale geldi. Yang\u0131n\u0131n \u00e7\u0131k\u0131\u015f nedeninin belirlenmesi i\u00e7in inceleme ba\u015flat\u0131ld\u0131.<br \/><\/p>\n","protected":false},"excerpt":{"rendered":"<p>Ayd\u0131n\u2019\u0131n \u0130ncirliova il\u00e7esinde m\u00fcstakil bir evde \u00e7\u0131kan yang\u0131n ekiplerin m\u00fcdahelesiyle s\u00f6nd\u00fcr\u00fcl\u00fcrken, ev kullan\u0131lamaz hale geldi. Yang\u0131n, \u0130ncirliova il\u00e7esi Erbeyli Mahallesi\u2019nde meydana geldi. Edinilen bilgiye g\u00f6re Hatice T.\u2019ye ait evde hen\u00fcz belirlenemeyen bir nedenle yang\u0131n \u00e7\u0131kt\u0131. K\u0131sa s\u00fcrede b\u00fcy\u00fcyen alevler, r\u00fczgar\u0131n etkisi ile t\u00fcm evi sard\u0131. Yang\u0131n\u0131 fark eden vatanda\u015flar durumu 112 Acil \u00c7a\u011fr\u0131 Merkezi\u2019ne bildirdi&#8230;.<\/p>\n","protected":false},"author":1,"featured_media":91898,"comment_status":"open","ping_status":"open","sticky":false,"template":"","format":"standard","meta":{"_crdt_document":"","footnotes":""},"categories":[5],"tags":[],"class_list":["post-91897","post","type-post","status-publish","format-standard","has-post-thumbnail","hentry","category-asayis"],"_links":{"self":[{"href":"https:\/\/www.egemtv.com\/index.php?rest_route=\/wp\/v2\/posts\/91897","targetHints":{"allow":["GET"]}}],"collection":[{"href":"https:\/\/www.egemtv.com\/index.php?rest_route=\/wp\/v2\/posts"}],"about":[{"href":"https:\/\/www.egemtv.com\/index.php?rest_route=\/wp\/v2\/types\/post"}],"author":[{"embeddable":true,"href":"https:\/\/www.egemtv.com\/index.php?rest_route=\/wp\/v2\/users\/1"}],"replies":[{"embeddable":true,"href":"https:\/\/www.egemtv.com\/index.php?rest_route=%2Fwp%2Fv2%2Fcomments&post=91897"}],"version-history":[{"count":1,"href":"https:\/\/www.egemtv.com\/index.php?rest_route=\/wp\/v2\/posts\/91897\/revisions"}],"predecessor-version":[{"id":91899,"href":"https:\/\/www.egemtv.com\/index.php?rest_route=\/wp\/v2\/posts\/91897\/revisions\/91899"}],"wp:featuredmedia":[{"embeddable":true,"href":"https:\/\/www.egemtv.com\/index.php?rest_route=\/wp\/v2\/media\/91898"}],"wp:attachment":[{"href":"https:\/\/www.egemtv.com\/index.php?rest_route=%2Fwp%2Fv2%2Fmedia&parent=91897"}],"wp:term":[{"taxonomy":"category","embeddable":true,"href":"https:\/\/www.egemtv.com\/index.php?rest_route=%2Fwp%2Fv2%2Fcategories&post=91897"},{"taxonomy":"post_tag","embeddable":true,"href":"https:\/\/www.egemtv.com\/index.php?rest_route=%2Fwp%2Fv2%2Ftags&post=91897"}],"curies":[{"name":"wp","href":"https:\/\/api.w.org\/{rel}","templated":true}]}}