{"id":91852,"date":"2026-03-04T16:34:46","date_gmt":"2026-03-04T13:34:46","guid":{"rendered":"https:\/\/www.egemtv.com\/?p=91852"},"modified":"2026-03-04T16:34:47","modified_gmt":"2026-03-04T13:34:47","slug":"bodrumda-iskelelerin-yikimina-baslandi","status":"publish","type":"post","link":"https:\/\/www.egemtv.com\/?p=91852","title":{"rendered":"Bodrum\u2019da iskelelerin y\u0131k\u0131m\u0131na ba\u015fland\u0131"},"content":{"rendered":"<p>Mu\u011fla\u2019n\u0131n Bodrum il\u00e7esinde izinsiz \u015fekilde yap\u0131lan ka\u00e7ak iskelelerin y\u0131k\u0131m\u0131na ba\u015fland\u0131.<\/p>\n<p>Yal\u0131kavak Mahallesi\u2019nde Cumhurba\u015fkanl\u0131\u011f\u0131 taraf\u0131ndan kesin korunacak hassas alan olarak ilan edilen K\u00fcd\u00fcr Yar\u0131madas\u0131\u2019nda ka\u00e7ak iskelelerin y\u0131k\u0131m\u0131 i\u00e7in \u00e7al\u0131\u015fma ba\u015flat\u0131ld\u0131. Bodrum Kaymakaml\u0131\u011f\u0131 koordinesinde B\u00f6lge Liman Ba\u015fkan\u0131 Tuncay Ayd\u0131n ile Milli Emlak M\u00fcd\u00fcrl\u00fc\u011f\u00fc ve Bodrum Belediyesi Zab\u0131ta M\u00fcd\u00fcrl\u00fc\u011f\u00fc ekipleri, sabah saatlerinde b\u00f6lgeye gitti. Ekipler, ilk olarak Eski Deve G\u00fcre\u015fi Alan\u0131\u2019n\u0131n bulundu\u011fu k\u00f6ydeki iskelenin tahtalar\u0131n\u0131 s\u00f6kt\u00fc. Ard\u0131ndan b\u00f6lgeye y\u00fczer platform \u00fczerinde getirilen i\u015f makinesiyle iskele y\u0131k\u0131ld\u0131. Ekiplerin daha sonra Pa\u015fa Liman\u0131\u2019ndaki y\u00fczer iskeleyi kald\u0131raca\u011f\u0131 bildirildi.<\/p>\n<p>Yar\u0131mada\u2019daki karavanlar\u0131n kald\u0131r\u0131lmas\u0131 i\u00e7in uyar\u0131larda bulunulmu\u015ftu. B\u00f6lgedeki 10 karavan, sahipleri taraf\u0131ndan g\u00f6t\u00fcr\u00fcld\u00fc. Kalan 6 karavan da ekiplerce kald\u0131r\u0131lacak.<br \/><\/p>\n","protected":false},"excerpt":{"rendered":"<p>Mu\u011fla\u2019n\u0131n Bodrum il\u00e7esinde izinsiz \u015fekilde yap\u0131lan ka\u00e7ak iskelelerin y\u0131k\u0131m\u0131na ba\u015fland\u0131. Yal\u0131kavak Mahallesi\u2019nde Cumhurba\u015fkanl\u0131\u011f\u0131 taraf\u0131ndan kesin korunacak hassas alan olarak ilan edilen K\u00fcd\u00fcr Yar\u0131madas\u0131\u2019nda ka\u00e7ak iskelelerin y\u0131k\u0131m\u0131 i\u00e7in \u00e7al\u0131\u015fma ba\u015flat\u0131ld\u0131. Bodrum Kaymakaml\u0131\u011f\u0131 koordinesinde B\u00f6lge Liman Ba\u015fkan\u0131 Tuncay Ayd\u0131n ile Milli Emlak M\u00fcd\u00fcrl\u00fc\u011f\u00fc ve Bodrum Belediyesi Zab\u0131ta M\u00fcd\u00fcrl\u00fc\u011f\u00fc ekipleri, sabah saatlerinde b\u00f6lgeye gitti. Ekipler, ilk olarak Eski&#8230;<\/p>\n","protected":false},"author":1,"featured_media":91853,"comment_status":"open","ping_status":"open","sticky":false,"template":"","format":"standard","meta":{"_crdt_document":"","footnotes":""},"categories":[1],"tags":[],"class_list":["post-91852","post","type-post","status-publish","format-standard","has-post-thumbnail","hentry","category-guncel"],"_links":{"self":[{"href":"https:\/\/www.egemtv.com\/index.php?rest_route=\/wp\/v2\/posts\/91852","targetHints":{"allow":["GET"]}}],"collection":[{"href":"https:\/\/www.egemtv.com\/index.php?rest_route=\/wp\/v2\/posts"}],"about":[{"href":"https:\/\/www.egemtv.com\/index.php?rest_route=\/wp\/v2\/types\/post"}],"author":[{"embeddable":true,"href":"https:\/\/www.egemtv.com\/index.php?rest_route=\/wp\/v2\/users\/1"}],"replies":[{"embeddable":true,"href":"https:\/\/www.egemtv.com\/index.php?rest_route=%2Fwp%2Fv2%2Fcomments&post=91852"}],"version-history":[{"count":1,"href":"https:\/\/www.egemtv.com\/index.php?rest_route=\/wp\/v2\/posts\/91852\/revisions"}],"predecessor-version":[{"id":91854,"href":"https:\/\/www.egemtv.com\/index.php?rest_route=\/wp\/v2\/posts\/91852\/revisions\/91854"}],"wp:featuredmedia":[{"embeddable":true,"href":"https:\/\/www.egemtv.com\/index.php?rest_route=\/wp\/v2\/media\/91853"}],"wp:attachment":[{"href":"https:\/\/www.egemtv.com\/index.php?rest_route=%2Fwp%2Fv2%2Fmedia&parent=91852"}],"wp:term":[{"taxonomy":"category","embeddable":true,"href":"https:\/\/www.egemtv.com\/index.php?rest_route=%2Fwp%2Fv2%2Fcategories&post=91852"},{"taxonomy":"post_tag","embeddable":true,"href":"https:\/\/www.egemtv.com\/index.php?rest_route=%2Fwp%2Fv2%2Ftags&post=91852"}],"curies":[{"name":"wp","href":"https:\/\/api.w.org\/{rel}","templated":true}]}}