{"id":91849,"date":"2026-03-04T16:14:57","date_gmt":"2026-03-04T13:14:57","guid":{"rendered":"https:\/\/www.egemtv.com\/?p=91849"},"modified":"2026-03-04T16:14:58","modified_gmt":"2026-03-04T13:14:58","slug":"izmirde-yeralti-sulari-anlik-izlenecek","status":"publish","type":"post","link":"https:\/\/www.egemtv.com\/?p=91849","title":{"rendered":"\u0130zmir\u2019de yeralt\u0131 sular\u0131 anl\u0131k izlenecek"},"content":{"rendered":"<p>\u0130zmir B\u00fcy\u00fck\u015fehir Belediyesi \u0130ZSU Genel M\u00fcd\u00fcrl\u00fc\u011f\u00fc ile \u0130zmir Y\u00fcksek Teknoloji Enstit\u00fcs\u00fc, iklim krizinin derinle\u015ftirdi\u011fi kurakl\u0131k riskine kar\u015f\u0131 yer alt\u0131 su kaynaklar\u0131n\u0131 dijital teknolojilerle izlemeye haz\u0131rlan\u0131yor. Proje Avrupa Birli\u011fi deste\u011fi kapsam\u0131nda 1 milyon Euro b\u00fct\u00e7eyle y\u00fcr\u00fct\u00fclecek. \u0130zmir\u2019in \u00f6zellikle k\u0131y\u0131 il\u00e7elerinde bulunan akiferlerde deniz suyu giri\u015fimi (tuzlanma) riski anl\u0131k olarak takip edilecek ve erken uyar\u0131 sistemi kurulacak.<br \/>\n<br \/>\u0130zmir B\u00fcy\u00fck\u015fehir Belediyesi \u0130ZSU Genel M\u00fcd\u00fcrl\u00fc\u011f\u00fc, suyun gelece\u011fini g\u00fcvence alt\u0131na almak ve iklim krizinin olu\u015fturdu\u011fu kurakl\u0131k riskine kar\u015f\u0131 kentin su kaynaklar\u0131n\u0131 korumak amac\u0131yla \u00e7al\u0131\u015fmalar\u0131n\u0131 s\u00fcrd\u00fcr\u00fcyor. \u0130ZSU Genel M\u00fcd\u00fcrl\u00fc\u011f\u00fc ile \u0130zmir Y\u00fcksek Teknoloji Enstit\u00fcs\u00fc i\u015f birli\u011finde, Avrupa Birli\u011fi finansman\u0131yla y\u00fcr\u00fct\u00fclen &#8220;Dijital D\u00fcnyada \u0130klim De\u011fi\u015fikli\u011fi \u0130\u00e7in Kentsel Yeralt\u0131 Suyu S\u00fcrd\u00fcr\u00fclebilirli\u011fi&#8221; projesi kapsam\u0131nda, \u0130zmir\u2019de yer alt\u0131 su kaynaklar\u0131n\u0131n dijital sistemlerle izlenmesi hedefleniyor. \u00d6zellikle k\u0131y\u0131 b\u00f6lgelerinde deniz suyu giri\u015fimi (tuzlanma) riskine kar\u015f\u0131 erken uyar\u0131 mekanizmas\u0131 kurulmas\u0131 planlan\u0131yor. Projenin ba\u015flang\u0131\u00e7 toplant\u0131s\u0131, Tarihi Havagaz\u0131 Fabrikas\u0131\u2019nda yap\u0131ld\u0131. Panele, \u0130zmir B\u00fcy\u00fck\u015fehir Belediyesi Ba\u015fkan Vekili Dr. Zafer Levent Y\u0131ld\u0131r, \u0130zmir Y\u00fcksek Teknoloji Enstit\u00fcs\u00fc Rekt\u00f6r\u00fc Prof. Dr. Yusuf Baran, \u00c7evre ve \u015eehircilik Bakanl\u0131\u011f\u0131 \u0130klim De\u011fi\u015fikli\u011fine Uyum ve Yerel Politikalar Dairesi Ba\u015fkanl\u0131\u011f\u0131\u2019ndan Meteoroloji M\u00fchendisi Furkan Keskin, Seferihisar Belediye Ba\u015fkan\u0131 \u0130smail Yeti\u015fkin, \u0130ZSU Genel M\u00fcd\u00fcr\u00fc G\u00fcrkan Erdo\u011fan, \u0130zmir Planlama Ajans\u0131 Ba\u015fkan\u0131 Prof. Dr. Koray Velibeyo\u011flu, akademisyenler ve sivil toplum kurulu\u015fu temsilcileri kat\u0131ld\u0131.<\/p>\n<p>Y\u0131ld\u0131r: &#8220;T\u00fcrkiye su stresi ya\u015fayan \u00fclkelere yakla\u015f\u0131yor&#8221;<br \/>\n<br \/>Panelde konu\u015fan \u0130zmir B\u00fcy\u00fck\u015fehir Belediyesi Ba\u015fkan Vekili Dr. Levent Y\u0131ld\u0131r, iklim de\u011fi\u015fikli\u011fi, artan n\u00fcfus ve kentle\u015fmenin su kaynaklar\u0131 \u00fczerindeki bask\u0131y\u0131 her ge\u00e7en y\u0131l art\u0131rd\u0131\u011f\u0131n\u0131 belirterek, ki\u015fi ba\u015f\u0131na d\u00fc\u015fen kullan\u0131labilir su miktar\u0131n\u0131n T\u00fcrkiye\u2019de son y\u0131llarda h\u0131zla azald\u0131\u011f\u0131n\u0131 vurgulad\u0131. T\u00fcrkiye\u2019nin kullan\u0131labilir y\u0131ll\u0131k su potansiyelinin yakla\u015f\u0131k 112 milyar metrek\u00fcp oldu\u011funu ifade eden Y\u0131ld\u0131r, &#8220;2000\u2019li y\u0131llar\u0131n ba\u015f\u0131nda T\u00fcrkiye\u2019de ki\u015fi ba\u015f\u0131na d\u00fc\u015fen y\u0131ll\u0131k kullan\u0131labilir su miktar\u0131 yakla\u015f\u0131k 1.600 metrek\u00fcp seviyesindeydi. Bug\u00fcn ise bu miktar 2024 itibar\u0131yla yakla\u015f\u0131k 1.300 metrek\u00fcp seviyesine kadar d\u00fc\u015fm\u00fc\u015f durumda. Mevcut e\u011filim devam ederse 2050 y\u0131l\u0131nda ki\u015fi ba\u015f\u0131na d\u00fc\u015fen su miktar\u0131n\u0131n 1.200 metrek\u00fcp civar\u0131na gerilemesi bekleniyor. Bu tablo, T\u00fcrkiye\u2019nin giderek su stresi ya\u015fayan \u00fclkeler kategorisine yakla\u015ft\u0131\u011f\u0131n\u0131 g\u00f6steriyor&#8221; \u015feklinde konu\u015ftu.<\/p>\n<p>&#8220;Modern d\u00fcnyada riskler giderek art\u0131yor&#8221;<br \/>\n<br \/>Su kaynaklar\u0131 \u00fczerindeki bask\u0131n\u0131n artmas\u0131n\u0131n ba\u015fl\u0131ca nedenleri aras\u0131nda kentle\u015fme, tar\u0131msal \u00fcretim ve artan t\u00fcketim yer ald\u0131\u011f\u0131n\u0131n alt\u0131n\u0131 \u00f6nemle \u00e7izen Dr. Y\u0131ld\u0131r, &#8220;Modern d\u00fcnyada kar\u015f\u0131 kar\u015f\u0131ya oldu\u011fumuz riskler giderek art\u0131yor ve karma\u015f\u0131kla\u015f\u0131yor. Bug\u00fcn risk su olabilir, yar\u0131n hava kirlili\u011fi, orman yang\u0131nlar\u0131 veya ba\u015fka \u00e7evresel krizler olabilir. Bu nedenle i\u00e7inde bulundu\u011fumuz d\u00f6nemde en \u00f6nemli g\u00f6revimiz, ortaya \u00e7\u0131kan bu riskleri bilimsel yakla\u015f\u0131mla \u00f6ng\u00f6rmek ve \u00f6nleyici politikalar geli\u015ftirmektir. Bug\u00fcn kar\u015f\u0131 kar\u015f\u0131ya oldu\u011fumuz sorunlara yaln\u0131zca teknik ya da m\u00fchendislik perspektifiyle bakmak yeterli de\u011fildir. Bunlar\u0131n hepsi bir arada ele al\u0131nmas\u0131 gereken karma\u015f\u0131k bir tabloyu olu\u015fturuyor. Ancak bu zorluklar\u0131n \u00fcstesinden gelmenin yolu iyi bir y\u00f6netim anlay\u0131\u015f\u0131ndan ve g\u00fc\u00e7l\u00fc bir koordinasyondan ge\u00e7mektedir. Bug\u00fcn burada payla\u015f\u0131lan bilgiler, y\u00fcr\u00fct\u00fclen projeler ve yap\u0131lacak \u00e7al\u0131\u015fmalar bu a\u00e7\u0131dan b\u00fcy\u00fck \u00f6nem ta\u015f\u0131yor. Bug\u00fcne kadar olu\u015fturdu\u011fumuz k\u00fclt\u00fcrel al\u0131\u015fkanl\u0131klar\u0131m\u0131z\u0131, de\u011ferlerimizi ve \u00fcretim-t\u00fcketim bi\u00e7imlerimizi yeniden d\u00fc\u015f\u00fcnmek zorunday\u0131z. Gerekirse bunlar\u0131n yerine daha s\u00fcrd\u00fcr\u00fclebilir modeller geli\u015ftirmemiz gerekiyor. \u00c7\u00fcnk\u00fc do\u011fay\u0131 yok etti\u011fimizde yerine koyabilece\u011fimiz yeni bir do\u011fa yok. Bu nedenle her zamankinden daha dikkatli, daha \u00f6zenli ve daha sorumlu davranmak zorunday\u0131z&#8221; dedi.<\/p>\n<p>Baran: &#8220;Krizi ak\u0131lla ve bilimle y\u00f6netmek m\u00fcmk\u00fcn&#8221;<br \/>\n<br \/>\u0130YTE Rekt\u00f6r\u00fc Prof. Dr. Yusuf Baran, insanl\u0131\u011f\u0131n do\u011frudan kullanabilece\u011fi suyun s\u0131n\u0131rl\u0131 oldu\u011funa dikkat \u00e7ekerek, &#8220;K\u00fcresel iklim krizi giderek belirginle\u015fiyor. Bu kriz nitelikli ak\u0131lla, bilimle ve fark\u0131ndal\u0131\u011f\u0131 y\u00fcksek bir toplumla y\u00f6netilebilir. Depremi engelleyemeyiz ama bilimsel y\u00f6ntemlerle dayan\u0131kl\u0131 \u015fehirler in\u015fa edebiliriz. Seli tamamen ortadan kald\u0131ramay\u0131z ama do\u011fru altyap\u0131 ve planlamayla etkilerini azaltabiliriz. K\u00fcresel iklim krizi ve su sorunu da ayn\u0131 \u015fekilde ele al\u0131nmal\u0131d\u0131r&#8221; dedi. Akdeniz havzas\u0131n\u0131n k\u00fcresel iklim de\u011fi\u015fikli\u011finden en \u00e7ok etkilenecek b\u00f6lgelerden biri oldu\u011funa i\u015faret eden Baran, s\u00fcrd\u00fcr\u00fclebilir su y\u00f6netimi ve \u015fehir planlamas\u0131n\u0131n \u00f6nemini vurgulad\u0131.<\/p>\n<p>&#8220;Bu proje \u00f6nemli bir ekolojik giri\u015fimdir&#8221;<br \/>\n<br \/>Yusuf Baran, d\u00fcnyadaki tatl\u0131 su kaynaklar\u0131n\u0131n yakla\u015f\u0131k y\u00fczde 30\u2019unun yeralt\u0131 sular\u0131ndan olu\u015ftu\u011funu hat\u0131rlatarak, bu kaynaklar\u0131n korunmas\u0131n\u0131n \u00f6nemine dikkat \u00e7ekti. &#8220;Bug\u00fcn konu\u015ftu\u011fumuz proje, \u00e7a\u011f\u0131m\u0131z\u0131n \u00fc\u00e7 temel d\u00f6n\u00fc\u015f\u00fcm\u00fcn\u00fc bir araya getiriyor: dijital d\u00f6n\u00fc\u015f\u00fcm, toplumsal d\u00f6n\u00fc\u015f\u00fcm ve ye\u015fil d\u00f6n\u00fc\u015f\u00fcm. Dijitalle\u015fme, su kaynaklar\u0131n\u0131n izlenmesi ve y\u00f6netilmesini sa\u011flarken; ye\u015fil d\u00f6n\u00fc\u015f\u00fcm, su kaynaklar\u0131n\u0131n korunmas\u0131n\u0131 kaps\u0131yor. Toplumsal d\u00f6n\u00fc\u015f\u00fcm ise bu konuda fark\u0131ndal\u0131k olu\u015fturmay\u0131 hedefliyor. Elde edilecek sonu\u00e7lar ve bilgiler, toplumun su kaynaklar\u0131 konusundaki bilin\u00e7 d\u00fczeyini art\u0131racakt\u0131r. Dolay\u0131s\u0131yla bu proje, \u00fc\u00e7 temel d\u00f6n\u00fc\u015f\u00fcm\u00fc bir araya getiren \u00f6nemli bir ekolojik giri\u015fimdir&#8221; dedi.<\/p>\n<p>&#8220;Su y\u00f6netimi art\u0131k ulusal bir politika meselesidir&#8221;<br \/>\n<br \/>\u0130klim de\u011fi\u015fikli\u011finin yaln\u0131zca kurakl\u0131k anlam\u0131na gelmedi\u011fini vurgulayan Baran, \u015funlar\u0131 s\u00f6yledi:<br \/>\n<br \/>&#8220;Bazen 6 ayda ya\u011fmas\u0131 gereken ya\u011fmur 6 saatte d\u00fc\u015f\u00fcyor. \u0130zmir\u2019de de uzun s\u00fcre ya\u011fmayan d\u00f6nemlerin ard\u0131ndan ani ve yo\u011fun ya\u011f\u0131\u015flar, topra\u011f\u0131n suyu emememesiyle sonu\u00e7lan\u0131yor. Bu suyun tar\u0131mda ve ya\u015famda kullan\u0131labilmesi gerekir. Toplumda su tasarrufu genellikle bireysel kullan\u0131m \u00fczerinden konu\u015fulur, oysa toplam su t\u00fcketiminin yakla\u015f\u0131k y\u00fczde 69\u2019u tar\u0131mda, y\u00fczde 19\u2019u sanayide ve sadece y\u00fczde 10\u2019u evlerde ger\u00e7ekle\u015fiyor. Bu nedenle su y\u00f6netimi art\u0131k yaln\u0131zca bireysel de\u011fil, ulusal bir politika olarak ele al\u0131nmas\u0131 gereken hayati bir konudur. Tar\u0131m ve su y\u00f6netiminde yap\u0131lan hatalar tatl\u0131 su kaynaklar\u0131n\u0131n tuzlanmas\u0131na, topraklar\u0131n verimsizle\u015fmesine ve ekolojik denge kayb\u0131na yol a\u00e7\u0131yor.  Bilimin en \u00f6nemli \u00f6zelli\u011fi yaln\u0131zca sorunlar\u0131 \u00e7\u00f6zmek de\u011fil, onlar\u0131 \u00f6nceden g\u00f6r\u00fcp engellemektir. Deprem, sel ya da iklim krizinde as\u0131l olan felaket ger\u00e7ekle\u015fmeden \u00f6nce \u00f6nlem almakt\u0131r. Bug\u00fcn konu\u015ftu\u011fumuz proje de bu anlay\u0131\u015f\u0131n bir par\u00e7as\u0131d\u0131r. \u0130zmir Y\u00fcksek Teknoloji Enstit\u00fcs\u00fc\u2019n\u00fcn uluslararas\u0131 su ara\u015ft\u0131rmalar\u0131 birimiyle y\u00fcr\u00fct\u00fclen bu proje, d\u00fcnya genelinde yap\u0131lan y\u00fczlerce ba\u015fvuru aras\u0131ndan se\u00e7ilen \u00f6nemli bir \u00e7al\u0131\u015fmad\u0131r.&#8221;<\/p>\n<p>Keskin: &#8220;K\u00fcresel s\u0131cakl\u0131k art\u0131\u015f\u0131 yakla\u015f\u0131k 1,5 dereceye ula\u015ft\u0131&#8221;<br \/>\n<br \/>\u0130klim De\u011fi\u015fikli\u011fine Uyum ve Yerel Politikalar Dairesi Ba\u015fkanl\u0131\u011f\u0131 Meteoroloji M\u00fchendisi Furkan Keskin, iklim de\u011fi\u015fikli\u011finin etkilerinin art\u0131k g\u00fcnl\u00fck ya\u015famda da hissedildi\u011fini belirtti. Artan s\u0131cakl\u0131klar\u0131n, azalan ya\u011f\u0131\u015flar\u0131n ve deniz seviyesindeki y\u00fckselmenin, \u00f6zellikle su kaynaklar\u0131 ve \u00e7evre \u00fczerinde ciddi riskler olu\u015fturdu\u011funa de\u011finen Keskin, &#8220;Akdeniz havzas\u0131ndaki \u0130zmir gibi k\u0131y\u0131 kentleri bu riskleri daha yo\u011fun \u015fekilde ya\u015f\u0131yor. \u0130klim de\u011fi\u015fikli\u011fi art\u0131k gelece\u011fe dair bir \u00f6ng\u00f6r\u00fc de\u011fil; bug\u00fcn ya\u015fam\u0131m\u0131z\u0131 do\u011frudan etkileyen bir ger\u00e7ek. Sanayi devrimi \u00f6ncesi d\u00f6neme k\u0131yasla k\u00fcresel ortalama s\u0131cakl\u0131k art\u0131\u015f\u0131 yakla\u015f\u0131k 1,5 dereceye ula\u015ft\u0131 ve bu art\u0131\u015f\u0131n devam etmesi durumunda ciddi \u00e7evresel ve ekonomik riskler do\u011fabilir. Meteoroloji Genel M\u00fcd\u00fcrl\u00fc\u011f\u00fc\u2019n\u00fcn 2025 T\u00fcrkiye \u0130klim De\u011ferlendirme Raporu\u2019na g\u00f6re, T\u00fcrkiye\u2019de ortalama s\u0131cakl\u0131k 15,1 santigrat derece olarak \u00f6l\u00e7\u00fcld\u00fc; bu, 1991-2020 ortalamas\u0131n\u0131n 1,1 derece \u00fczerinde ve son 25 y\u0131l\u0131n en s\u0131cak be\u015finci y\u0131l\u0131 oldu. Temmuz 2025 ise ortalama 26,5 santigrat derece ile son 25 y\u0131l\u0131n en s\u0131cak temmuz ay\u0131 olarak kay\u0131tlara ge\u00e7ti.<\/p>\n<p>&#8220;2025, son 61 y\u0131l\u0131n en d\u00fc\u015f\u00fck k\u0131\u015f ya\u011f\u0131\u015f\u0131yla kay\u0131tlara ge\u00e7ti&#8221;<br \/>\n<br \/>Keskin, 2025\u2019te T\u00fcrkiye genelinde ortalama ya\u011f\u0131\u015f\u0131n 449,6 mm olarak ger\u00e7ekle\u015fti\u011fini, bunun 1991-2020 ortalamas\u0131na g\u00f6re y\u00fczde 27,6 azalma anlam\u0131na geldi\u011fini belirterek, &#8220;2025, son 61 y\u0131l\u0131n en d\u00fc\u015f\u00fck k\u0131\u015f ya\u011f\u0131\u015f\u0131 seviyelerinden biri olarak kaydedildi. Bu durum tar\u0131m, su kaynaklar\u0131, enerji ve insan sa\u011fl\u0131\u011f\u0131 \u00fczerinde ciddi bask\u0131lar olu\u015fturuyor&#8221; dedi \u0130klim de\u011fi\u015fikli\u011fiyle m\u00fccadelede azalt\u0131m, uyum ve s\u00fcrd\u00fcr\u00fclebilir kalk\u0131nman\u0131n \u00f6nemine i\u015faret eden Keskin, 2025 Temmuz\u2019da y\u00fcr\u00fcrl\u00fc\u011fe giren \u0130klim Kanunu ile T\u00fcrkiye\u2019nin iklim politikalar\u0131 ve enerji d\u00f6n\u00fc\u015f\u00fcm\u00fcnde daha g\u00f6r\u00fcn\u00fcr hale geldi\u011fini belirtti. Keskin,  &#8220;Yerelde y\u00fcr\u00fct\u00fclen her proje, b\u00fcy\u00fck d\u00f6n\u00fc\u015f\u00fcm s\u00fcrecinin bir par\u00e7as\u0131d\u0131r. \u00d6zellikle su y\u00f6netimi, kentlerin iklim de\u011fi\u015fikli\u011fine uyum sa\u011flamas\u0131nda kritik rol oynuyor..= \u0130zmir\u2019in diren\u00e7li bir kent olma hedefini g\u00fc\u00e7lendirecek ve di\u011fer \u015fehirler i\u00e7in yol g\u00f6sterici olacakt\u0131r&#8221; dedi. \u0130YTE Proje Koordinat\u00f6r\u00fc Prof. Dr. Alper Baba ise projeyi panelde detayland\u0131rd\u0131.<\/p>\n<p>\u0130ZSU\u2019dan kurakl\u0131\u011fa kar\u015f\u0131 \u00f6nlem ve yeni su kaynaklar\u0131<br \/>\n<br \/>\u0130zmir B\u00fcy\u00fck\u015fehir Belediyesi \u0130ZSU Genel M\u00fcd\u00fcrl\u00fc\u011f\u00fc, son y\u0131llarda ya\u015fanan kurakl\u0131k ve d\u00fc\u015f\u00fck ya\u011f\u0131\u015flara kar\u015f\u0131 idari ve teknik \u00f6nlemler ald\u0131. Kademeli su tarifeleri, park ve bah\u00e7e aboneliklerinin iptali ile kay\u0131p-ka\u00e7akla m\u00fccadele gibi uygulamalar\u0131n yan\u0131 s\u0131ra yeni su kaynaklar\u0131 sisteme dahil edildi. Bu kapsamda G\u00fczelhisar Baraj\u0131\u2019nda 20 y\u0131ld\u0131r kullan\u0131lmayan isale hatt\u0131 onar\u0131larak kente su sa\u011fland\u0131. G\u00f6rdes Baraj\u0131\u2019n\u0131n \u00f6l\u00fc hacminden y\u00fczer pompalarla su al\u0131nd\u0131, Halkap\u0131nar, Menemen, Sar\u0131k\u0131z ve G\u00f6ksu kuyular\u0131 yenilendi. Ayr\u0131ca Halkap\u0131nar\u2019da 7 bin metrek\u00fcpl\u00fck depo ve terfi merkezi in\u015fa edildi.<\/p>\n<p>Tuzlanma riski b\u00fcy\u00fcyor<br \/>\n<br \/>\u0130zmir\u2019e i\u00e7me suyu sa\u011flayan yakla\u015f\u0131k 1600 kuyudan 318\u2019i k\u0131y\u0131 il\u00e7elerde bulunuyor. K\u0131y\u0131 b\u00f6lgelerindeki akiferlerde deniz suyunun yeralt\u0131 suyu rezervlerine kar\u0131\u015fmas\u0131 nedeniyle tuzlanma riski giderek art\u0131yor. Yeni proje kapsam\u0131nda, \u0130zmir\u2019in k\u0131y\u0131 b\u00f6lgelerindeki yeralt\u0131 suyu kaynaklar\u0131 dijital sens\u00f6rler ve izleme sistemleriyle takip edilecek; tuzlanma riskleri erken a\u015famada tespit edilerek \u00f6nlem al\u0131nabilecek.<\/p>\n<p>AB\u2019den projeye 1 milyon euro destek<br \/>\n<br \/>\u0130zmir B\u00fcy\u00fck\u015fehir Belediyesi \u0130ZSU Genel M\u00fcd\u00fcrl\u00fc\u011f\u00fc ve \u0130zmir Y\u00fcksek Teknoloji Enstit\u00fcs\u00fc i\u015f birli\u011fiyle haz\u0131rlanan &#8220;Dijital D\u00fcnyada \u0130klim De\u011fi\u015fikli\u011fi \u0130\u00e7in Kentsel Yeralt\u0131suyu S\u00fcrd\u00fcr\u00fclebilirli\u011fi&#8221; projesi, Avrupa Birli\u011fi ve \u00c7evre, \u015eehircilik ve \u0130klim De\u011fi\u015fikli\u011fi Bakanl\u0131\u011f\u0131 taraf\u0131ndan desteklenen T\u00fcrkiye \u0130klim De\u011fi\u015fikli\u011fi Hibe Program\u0131 (AB-TR CCGP) kapsam\u0131nda destek almaya hak kazand\u0131. Toplam b\u00fct\u00e7esi 1 milyon Euro olan proje ile yeralt\u0131 suyu kaynaklar\u0131n\u0131n korunmas\u0131, dijital izleme altyap\u0131s\u0131n\u0131n geli\u015ftirilmesi, tuzdan ar\u0131nd\u0131rma pilot uygulamalar\u0131 ve iklim de\u011fi\u015fikli\u011fine uyum politikalar\u0131n\u0131n g\u00fc\u00e7lendirilmesi hedefleniyor. Proje kapsam\u0131nda Bergama\u2019dan Sel\u00e7uk\u2019a uzanan k\u0131y\u0131 \u015feridindeki akiferlerin tamam\u0131 \u00e7evrim i\u00e7i olarak izlenecek.<br \/><\/p>\n","protected":false},"excerpt":{"rendered":"<p>\u0130zmir B\u00fcy\u00fck\u015fehir Belediyesi \u0130ZSU Genel M\u00fcd\u00fcrl\u00fc\u011f\u00fc ile \u0130zmir Y\u00fcksek Teknoloji Enstit\u00fcs\u00fc, iklim krizinin derinle\u015ftirdi\u011fi kurakl\u0131k riskine kar\u015f\u0131 yer alt\u0131 su kaynaklar\u0131n\u0131 dijital teknolojilerle izlemeye haz\u0131rlan\u0131yor. Proje Avrupa Birli\u011fi deste\u011fi kapsam\u0131nda 1 milyon Euro b\u00fct\u00e7eyle y\u00fcr\u00fct\u00fclecek. \u0130zmir\u2019in \u00f6zellikle k\u0131y\u0131 il\u00e7elerinde bulunan akiferlerde deniz suyu giri\u015fimi (tuzlanma) riski anl\u0131k olarak takip edilecek ve erken uyar\u0131 sistemi kurulacak&#8230;.<\/p>\n","protected":false},"author":1,"featured_media":91850,"comment_status":"open","ping_status":"open","sticky":false,"template":"","format":"standard","meta":{"_crdt_document":"","footnotes":""},"categories":[1],"tags":[],"class_list":["post-91849","post","type-post","status-publish","format-standard","has-post-thumbnail","hentry","category-guncel"],"_links":{"self":[{"href":"https:\/\/www.egemtv.com\/index.php?rest_route=\/wp\/v2\/posts\/91849","targetHints":{"allow":["GET"]}}],"collection":[{"href":"https:\/\/www.egemtv.com\/index.php?rest_route=\/wp\/v2\/posts"}],"about":[{"href":"https:\/\/www.egemtv.com\/index.php?rest_route=\/wp\/v2\/types\/post"}],"author":[{"embeddable":true,"href":"https:\/\/www.egemtv.com\/index.php?rest_route=\/wp\/v2\/users\/1"}],"replies":[{"embeddable":true,"href":"https:\/\/www.egemtv.com\/index.php?rest_route=%2Fwp%2Fv2%2Fcomments&post=91849"}],"version-history":[{"count":1,"href":"https:\/\/www.egemtv.com\/index.php?rest_route=\/wp\/v2\/posts\/91849\/revisions"}],"predecessor-version":[{"id":91851,"href":"https:\/\/www.egemtv.com\/index.php?rest_route=\/wp\/v2\/posts\/91849\/revisions\/91851"}],"wp:featuredmedia":[{"embeddable":true,"href":"https:\/\/www.egemtv.com\/index.php?rest_route=\/wp\/v2\/media\/91850"}],"wp:attachment":[{"href":"https:\/\/www.egemtv.com\/index.php?rest_route=%2Fwp%2Fv2%2Fmedia&parent=91849"}],"wp:term":[{"taxonomy":"category","embeddable":true,"href":"https:\/\/www.egemtv.com\/index.php?rest_route=%2Fwp%2Fv2%2Fcategories&post=91849"},{"taxonomy":"post_tag","embeddable":true,"href":"https:\/\/www.egemtv.com\/index.php?rest_route=%2Fwp%2Fv2%2Ftags&post=91849"}],"curies":[{"name":"wp","href":"https:\/\/api.w.org\/{rel}","templated":true}]}}