{"id":91846,"date":"2026-03-04T15:55:24","date_gmt":"2026-03-04T12:55:24","guid":{"rendered":"https:\/\/www.egemtv.com\/?p=91846"},"modified":"2026-03-04T15:55:25","modified_gmt":"2026-03-04T12:55:25","slug":"buyuksehir-ekipleri-gece-boyunca-temizlik-calismasi-gerceklestirdi","status":"publish","type":"post","link":"https:\/\/www.egemtv.com\/?p=91846","title":{"rendered":"B\u00fcy\u00fck\u015fehir ekipleri gece boyunca temizlik \u00e7al\u0131\u015fmas\u0131 ger\u00e7ekle\u015ftirdi"},"content":{"rendered":"<p>Ayd\u0131n B\u00fcy\u00fck\u015fehir Belediyesi ekipleri, vatanda\u015flar\u0131n g\u00fcne temiz bir kentte ba\u015flamas\u0131 i\u00e7in gece saatlerinde cadde ve kald\u0131r\u0131mlarda kapsaml\u0131 temizlik \u00e7al\u0131\u015fmas\u0131 y\u00fcr\u00fctt\u00fc. 24 saat esas\u0131na dayal\u0131 mesaiyle s\u00fcrd\u00fcr\u00fclen \u00e7al\u0131\u015fmalarla kent genelinde sokaklar sabaha kadar titizlikle y\u0131kand\u0131 ve d\u00fczenlendi.<\/p>\n<p>Ayd\u0131n B\u00fcy\u00fck\u015fehir Belediyesi, kent genelinde s\u00fcrd\u00fcrd\u00fc\u011f\u00fc temizlik \u00e7al\u0131\u015fmalar\u0131yla Ayd\u0131n\u2019\u0131n d\u00f6rt bir yan\u0131nda titiz bir \u00e7al\u0131\u015fma y\u00fcr\u00fct\u00fcyor. B\u00fcy\u00fck\u015fehir Belediyesi\u2019nin planl\u0131 ve koordineli program\u0131 kapsam\u0131nda cadde ve bulvarlardan kent mobilyalar\u0131na kadar her nokta d\u00fczenli olarak temizleniyor. B\u00fcy\u00fck\u015fehir Belediyesi \u00c7evre Koruma ve Kontrol Dairesi Ba\u015fkanl\u0131\u011f\u0131 ekipleri, vatanda\u015flar\u0131n her sabah temiz bir Ayd\u0131n\u2019a uyanabilmesi i\u00e7in 24 saat esas\u0131na dayal\u0131 mesai ger\u00e7ekle\u015ftiriyor. Rutin temizlik uygulamalar\u0131n\u0131n yan\u0131 s\u0131ra detayl\u0131 bak\u0131m ve kapsaml\u0131 temizlik \u00e7al\u0131\u015fmalar\u0131 da aral\u0131ks\u0131z s\u00fcrd\u00fcr\u00fcl\u00fcyor.<\/p>\n<p>Ayd\u0131n B\u00fcy\u00fck\u015fehir Belediye Ba\u015fkan\u0131 \u00d6zlem \u00c7er\u00e7io\u011flu, t\u00fcm il\u00e7elerde \u00e7al\u0131\u015fmalar\u0131n devam edece\u011fini belirtti ve &#8220;P\u0131r\u0131l p\u0131r\u0131l bir Ayd\u0131n i\u00e7in \u00e7al\u0131\u015fmaya devam ediyoruz. Mesai mefhumu g\u00f6zetmeksizin s\u00fcrd\u00fcrd\u00fc\u011f\u00fcm\u00fcz \u00e7al\u0131\u015fmalar\u0131m\u0131z\u0131 t\u00fcm il\u00e7elerimizde e\u015f zamanl\u0131 olarak y\u00fcr\u00fct\u00fcyoruz. Ancak kentimizi temiz ve d\u00fczenli tutmak yaln\u0131zca belediyenin de\u011fil, t\u00fcm hem\u015fehrilerimizin ortak sorumlulu\u011fudur. Ayd\u0131n\u0131m\u0131z i\u00e7in g\u00fc\u00e7 birli\u011fiyle hareket etmeye devam edece\u011fiz&#8221; ifadelerini kulland\u0131.<br \/><\/p>\n","protected":false},"excerpt":{"rendered":"<p>Ayd\u0131n B\u00fcy\u00fck\u015fehir Belediyesi ekipleri, vatanda\u015flar\u0131n g\u00fcne temiz bir kentte ba\u015flamas\u0131 i\u00e7in gece saatlerinde cadde ve kald\u0131r\u0131mlarda kapsaml\u0131 temizlik \u00e7al\u0131\u015fmas\u0131 y\u00fcr\u00fctt\u00fc. 24 saat esas\u0131na dayal\u0131 mesaiyle s\u00fcrd\u00fcr\u00fclen \u00e7al\u0131\u015fmalarla kent genelinde sokaklar sabaha kadar titizlikle y\u0131kand\u0131 ve d\u00fczenlendi. Ayd\u0131n B\u00fcy\u00fck\u015fehir Belediyesi, kent genelinde s\u00fcrd\u00fcrd\u00fc\u011f\u00fc temizlik \u00e7al\u0131\u015fmalar\u0131yla Ayd\u0131n\u2019\u0131n d\u00f6rt bir yan\u0131nda titiz bir \u00e7al\u0131\u015fma y\u00fcr\u00fct\u00fcyor. B\u00fcy\u00fck\u015fehir Belediyesi\u2019nin planl\u0131&#8230;<\/p>\n","protected":false},"author":1,"featured_media":91847,"comment_status":"open","ping_status":"open","sticky":false,"template":"","format":"standard","meta":{"_crdt_document":"","footnotes":""},"categories":[1],"tags":[],"class_list":["post-91846","post","type-post","status-publish","format-standard","has-post-thumbnail","hentry","category-guncel"],"_links":{"self":[{"href":"https:\/\/www.egemtv.com\/index.php?rest_route=\/wp\/v2\/posts\/91846","targetHints":{"allow":["GET"]}}],"collection":[{"href":"https:\/\/www.egemtv.com\/index.php?rest_route=\/wp\/v2\/posts"}],"about":[{"href":"https:\/\/www.egemtv.com\/index.php?rest_route=\/wp\/v2\/types\/post"}],"author":[{"embeddable":true,"href":"https:\/\/www.egemtv.com\/index.php?rest_route=\/wp\/v2\/users\/1"}],"replies":[{"embeddable":true,"href":"https:\/\/www.egemtv.com\/index.php?rest_route=%2Fwp%2Fv2%2Fcomments&post=91846"}],"version-history":[{"count":1,"href":"https:\/\/www.egemtv.com\/index.php?rest_route=\/wp\/v2\/posts\/91846\/revisions"}],"predecessor-version":[{"id":91848,"href":"https:\/\/www.egemtv.com\/index.php?rest_route=\/wp\/v2\/posts\/91846\/revisions\/91848"}],"wp:featuredmedia":[{"embeddable":true,"href":"https:\/\/www.egemtv.com\/index.php?rest_route=\/wp\/v2\/media\/91847"}],"wp:attachment":[{"href":"https:\/\/www.egemtv.com\/index.php?rest_route=%2Fwp%2Fv2%2Fmedia&parent=91846"}],"wp:term":[{"taxonomy":"category","embeddable":true,"href":"https:\/\/www.egemtv.com\/index.php?rest_route=%2Fwp%2Fv2%2Fcategories&post=91846"},{"taxonomy":"post_tag","embeddable":true,"href":"https:\/\/www.egemtv.com\/index.php?rest_route=%2Fwp%2Fv2%2Ftags&post=91846"}],"curies":[{"name":"wp","href":"https:\/\/api.w.org\/{rel}","templated":true}]}}