{"id":91843,"date":"2026-03-04T15:34:46","date_gmt":"2026-03-04T12:34:46","guid":{"rendered":"https:\/\/www.egemtv.com\/?p=91843"},"modified":"2026-03-04T15:34:47","modified_gmt":"2026-03-04T12:34:47","slug":"baskan-arici-ilkokul-ogrencilerini-agirladi","status":"publish","type":"post","link":"https:\/\/www.egemtv.com\/?p=91843","title":{"rendered":"Ba\u015fkan Ar\u0131c\u0131, ilkokul \u00f6\u011frencilerini a\u011f\u0131rlad\u0131"},"content":{"rendered":"<p>Ko\u00e7arl\u0131 Atat\u00fcrk \u0130lkokulu 2. s\u0131n\u0131f \u00f6\u011frencileri, \u00f6\u011fretmenleri e\u015fli\u011finde Ko\u00e7arl\u0131 Belediye Ba\u015fkan\u0131 \u00d6zg\u00fcr Ar\u0131c\u0131\u2019y\u0131 ziyaret ederek belediye \u00e7al\u0131\u015fmalar\u0131 hakk\u0131nda bilgi ald\u0131.<\/p>\n<p>Ko\u00e7arl\u0131 Belediye Ba\u015fkan\u0131 \u00d6zg\u00fcr Ar\u0131c\u0131, Atat\u00fcrk \u0130lkokulu 2. s\u0131n\u0131f \u00f6\u011frencilerini makam\u0131nda konuk etti. \u00d6\u011fretmenleri e\u015fli\u011finde belediyeye gelen \u00f6\u011frenciler, ger\u00e7ekle\u015ftirdikleri ziyaretle belediye y\u00f6netimine dair merak ettikleri sorulara yan\u0131t buldu. Ba\u015fkan Ar\u0131c\u0131, minik misafirleriyle samimi bir sohbet ger\u00e7ekle\u015ftirerek belediyenin g\u00f6rev ve sorumluluklar\u0131 hakk\u0131nda bilgi verdi. \u00c7al\u0131\u015fmalar ve hedeflere ili\u015fkin sorular\u0131 i\u00e7tenlikle yan\u0131tlayan Ar\u0131c\u0131, \u00e7ocuklar\u0131n heyecan\u0131 ve \u00f6\u011frenme iste\u011finin kendilerine umut verdi\u011fini ifade etti.<\/p>\n<p>Ziyaret, g\u00fcn\u00fcn an\u0131s\u0131na \u00e7ekilen hat\u0131ra foto\u011fraf\u0131yla sona ererken, \u00e7ocuklar\u0131n \u00f6zg\u00fcveni ve \u00f6\u011frenme iste\u011finin umut verdi\u011fini ifade eden Ba\u015fkan Ar\u0131c\u0131, &#8220;Bug\u00fcn, gelece\u011fimiz olan k\u0131ymetli yavrular\u0131m\u0131z\u0131 makam\u0131m\u0131zda a\u011f\u0131rlamaktan b\u00fcy\u00fck mutluluk duyduk. Atat\u00fcrk \u0130lkokulu 2. s\u0131n\u0131f \u00f6\u011frencilerimiz, \u00f6\u011fretmenleri e\u015fli\u011finde ger\u00e7ekle\u015ftirdikleri nazik ziyaretle bizleri onurland\u0131rd\u0131. Minik misafirlerimizle samimi ve keyifli bir sohbet ger\u00e7ekle\u015ftirdik. G\u00f6revlerimiz, \u00e7al\u0131\u015fmalar\u0131m\u0131z ve hedeflerimiz hakk\u0131nda merak ettikleri sorular\u0131 i\u00e7tenlikle cevaplad\u0131k. \u00c7ocuklar\u0131m\u0131z\u0131n heyecan\u0131, \u00f6zg\u00fcveni ve \u00f6\u011frenme iste\u011fi bizlere umut verdi&#8221; dedi.<br \/><\/p>\n","protected":false},"excerpt":{"rendered":"<p>Ko\u00e7arl\u0131 Atat\u00fcrk \u0130lkokulu 2. s\u0131n\u0131f \u00f6\u011frencileri, \u00f6\u011fretmenleri e\u015fli\u011finde Ko\u00e7arl\u0131 Belediye Ba\u015fkan\u0131 \u00d6zg\u00fcr Ar\u0131c\u0131\u2019y\u0131 ziyaret ederek belediye \u00e7al\u0131\u015fmalar\u0131 hakk\u0131nda bilgi ald\u0131. Ko\u00e7arl\u0131 Belediye Ba\u015fkan\u0131 \u00d6zg\u00fcr Ar\u0131c\u0131, Atat\u00fcrk \u0130lkokulu 2. s\u0131n\u0131f \u00f6\u011frencilerini makam\u0131nda konuk etti. \u00d6\u011fretmenleri e\u015fli\u011finde belediyeye gelen \u00f6\u011frenciler, ger\u00e7ekle\u015ftirdikleri ziyaretle belediye y\u00f6netimine dair merak ettikleri sorulara yan\u0131t buldu. Ba\u015fkan Ar\u0131c\u0131, minik misafirleriyle samimi bir sohbet&#8230;<\/p>\n","protected":false},"author":1,"featured_media":91844,"comment_status":"open","ping_status":"open","sticky":false,"template":"","format":"standard","meta":{"_crdt_document":"","footnotes":""},"categories":[1],"tags":[],"class_list":["post-91843","post","type-post","status-publish","format-standard","has-post-thumbnail","hentry","category-guncel"],"_links":{"self":[{"href":"https:\/\/www.egemtv.com\/index.php?rest_route=\/wp\/v2\/posts\/91843","targetHints":{"allow":["GET"]}}],"collection":[{"href":"https:\/\/www.egemtv.com\/index.php?rest_route=\/wp\/v2\/posts"}],"about":[{"href":"https:\/\/www.egemtv.com\/index.php?rest_route=\/wp\/v2\/types\/post"}],"author":[{"embeddable":true,"href":"https:\/\/www.egemtv.com\/index.php?rest_route=\/wp\/v2\/users\/1"}],"replies":[{"embeddable":true,"href":"https:\/\/www.egemtv.com\/index.php?rest_route=%2Fwp%2Fv2%2Fcomments&post=91843"}],"version-history":[{"count":1,"href":"https:\/\/www.egemtv.com\/index.php?rest_route=\/wp\/v2\/posts\/91843\/revisions"}],"predecessor-version":[{"id":91845,"href":"https:\/\/www.egemtv.com\/index.php?rest_route=\/wp\/v2\/posts\/91843\/revisions\/91845"}],"wp:featuredmedia":[{"embeddable":true,"href":"https:\/\/www.egemtv.com\/index.php?rest_route=\/wp\/v2\/media\/91844"}],"wp:attachment":[{"href":"https:\/\/www.egemtv.com\/index.php?rest_route=%2Fwp%2Fv2%2Fmedia&parent=91843"}],"wp:term":[{"taxonomy":"category","embeddable":true,"href":"https:\/\/www.egemtv.com\/index.php?rest_route=%2Fwp%2Fv2%2Fcategories&post=91843"},{"taxonomy":"post_tag","embeddable":true,"href":"https:\/\/www.egemtv.com\/index.php?rest_route=%2Fwp%2Fv2%2Ftags&post=91843"}],"curies":[{"name":"wp","href":"https:\/\/api.w.org\/{rel}","templated":true}]}}