{"id":91840,"date":"2026-03-04T15:15:04","date_gmt":"2026-03-04T12:15:04","guid":{"rendered":"https:\/\/www.egemtv.com\/?p=91840"},"modified":"2026-03-04T15:15:05","modified_gmt":"2026-03-04T12:15:05","slug":"baskan-aras-ata-mirasi-kurumlarimiza-sahip-cikmamiz-gerekir","status":"publish","type":"post","link":"https:\/\/www.egemtv.com\/?p=91840","title":{"rendered":"Ba\u015fkan Aras: &#8220;Ata miras\u0131 kurumlar\u0131m\u0131za sahip \u00e7\u0131kmam\u0131z gerekir&#8221;"},"content":{"rendered":"<p>Mu\u011fla B\u00fcy\u00fck\u015fehir Belediyesi ile Ye\u015filay\u2019\u0131n ortakla\u015fa d\u00fczenledi\u011fi iftar yeme\u011fi program\u0131 ger\u00e7ekle\u015ftirildi. 1-7 Mart Ye\u015filay Haftas\u0131 kapsam\u0131nda d\u00fczenlenen programda ba\u011f\u0131ml\u0131l\u0131kla m\u00fccadele, gen\u00e7lerin dayan\u0131\u015fmas\u0131 ve toplumsal fark\u0131ndal\u0131\u011f\u0131n g\u00fc\u00e7lendirilmesi konular\u0131 \u00f6ne \u00e7\u0131kt\u0131. Mu\u011fla B\u00fcy\u00fck\u015fehir Belediye Ba\u015fkan\u0131 Ahmet Aras programda yapt\u0131\u011f\u0131 konu\u015fmada, &#8220;Ba\u011f\u0131ml\u0131l\u0131kla m\u00fccadelede gen\u00e7lerin yan\u0131nday\u0131z&#8221; dedi.<\/p>\n<p>Mu\u011fla B\u00fcy\u00fck\u015fehir Belediyesi ile Ye\u015filay, 1-7 Mart Ye\u015filay Haftas\u0131 kapsam\u0131nda gen\u00e7lerle iftar program\u0131nda bir araya geldi. Mente\u015fe\u2019de T\u00fcrkan Saylan \u00c7a\u011fda\u015f Ya\u015fam Merkezi\u2019nde d\u00fczenlenen programa K\u0131y\u0131 Ege Belediyeler Birli\u011fi ve Mu\u011fla B\u00fcy\u00fck\u015fehir Belediye Ba\u015fkan\u0131 Ahmet Aras, Mente\u015fe Belediye Ba\u015fkan\u0131 Gonca K\u00f6ksal, Mente\u015fe M\u00fcft\u00fcs\u00fc Dr. Ertu\u011frul Ak\u0131n, T\u00fcrkiye Ye\u015filay Cemiyeti Mu\u011fla \u0130l Ba\u015fkan\u0131 \u015eenol \u015eeng\u00fcr ve Ye\u015filay g\u00f6n\u00fcll\u00fcleri kat\u0131ld\u0131. Program\u0131n sonunda Ye\u015filay Cemiyeti Mu\u011fla \u0130l Ba\u015fkan\u0131 \u015eenol \u015eeng\u00fcr, ba\u011f\u0131ml\u0131l\u0131kla m\u00fccadeleye verdi\u011fi desteklerden dolay\u0131 Ba\u015fkan Aras\u2019a plaket takdim etti. Mu\u011fla S\u0131tk\u0131 Ko\u00e7man \u00dcniversitesi M\u00fchendislik Fak\u00fcltesi \u00f6\u011frencisi Ahmet Utkan Sa\u00e7, Ye\u015filay\u2019\u0131n k\u00f6kl\u00fc bir kurum oldu\u011funu belirterek &#8220;Ye\u015filay da K\u0131z\u0131lay gibi \u00e7ok k\u00f6kl\u00fc bir kurum. G\u00f6n\u00fcll\u00fcl\u00fck esas\u0131yla insanlara yard\u0131mc\u0131 olmaya \u00e7al\u0131\u015fan bir kurulu\u015f. Daha \u00f6nce alkol ve sigara kullan\u0131yordum, ancak b\u0131rakt\u0131m. Ba\u011f\u0131ml\u0131l\u0131\u011f\u0131n ne kadar k\u00f6t\u00fc bir \u015fey oldu\u011funu ya\u015fayarak g\u00f6rd\u00fcm. Bu t\u00fcr iftar programlar\u0131n\u0131 insanlar\u0131n bir araya gelmesi a\u00e7\u0131s\u0131ndan \u00f6nemli buluyorum&#8221; dedi.<\/p>\n<p>Ye\u015filay g\u00f6n\u00fcll\u00fcs\u00fc Yusuf Do\u011fanay ise Ye\u015filay\u2019\u0131n gen\u00e7ler i\u00e7in \u00f6nemli bir dayan\u0131\u015fma ortam\u0131 olu\u015fturdu\u011funu ifade ederek, &#8220;Ye\u015filay, K\u0131z\u0131lay ile birlikte \u00e7ok \u00f6nemli sivil toplum kurulu\u015flar\u0131ndan biri. Biz gen\u00e7ler olarak sadece sigara ve alkolden uzak durmay\u0131 de\u011fil, toplumsal ba\u011f\u0131 g\u00fc\u00e7l\u00fc bir gen\u00e7lik olu\u015fturmay\u0131 hedefliyoruz. Ahmet Ba\u015fkan\u2019a da verdi\u011fi desteklerden dolay\u0131 te\u015fekk\u00fcr ediyorum&#8221; \u015feklinde konu\u015ftu.<\/p>\n<p>Mu\u011fla S\u0131tk\u0131 Ko\u00e7man \u00dcniversitesi Elektrik ve Enerji B\u00f6l\u00fcm\u00fc \u00f6\u011frencisi Beyzanur Balkaya da Ye\u015filay\u2019\u0131n toplumsal dayan\u0131\u015fmay\u0131 g\u00fc\u00e7lendiren bir kurum oldu\u011funu belirterek, &#8220;Ye\u015filay, toplum olarak ortak bir ama\u00e7 etraf\u0131nda bir araya geldi\u011fimizi ve ba\u011f\u0131ml\u0131l\u0131kla m\u00fccadele edebilece\u011fimizi g\u00f6steren \u00f6nemli bir kurulu\u015f&#8221; ifadelerini kulland\u0131.<\/p>\n<p>&#8220;Ye\u015filay 106 y\u0131ld\u0131r toplumun yan\u0131nda&#8221;<br \/>\n<br \/>T\u00fcrkiye Ye\u015filay Cemiyeti Mu\u011fla \u0130l Ba\u015fkan\u0131 \u015eenol \u015eeng\u00fcr konu\u015fmas\u0131nda &#8220;Bu ak\u015fam ayn\u0131 sofrada bulu\u015fmam\u0131z bir tesad\u00fcf de\u011fil, bizi g\u00f6r\u00fcnmez bir ba\u011fla birbirimize ba\u011fl\u0131yor. Ramazan bizlere sadece a\u00e7 kalmay\u0131 \u00f6\u011fretmiyor. Ayn\u0131 zamanda insan\u0131n isterse nefsine s\u00f6z ge\u00e7irebilece\u011fini de g\u00f6steriyor. Bu durum, insan iradesinin sand\u0131\u011f\u0131m\u0131zdan \u00e7ok daha g\u00fc\u00e7l\u00fc oldu\u011funu ortaya koyuyor. Ba\u011f\u0131ml\u0131l\u0131k dedi\u011fimiz \u015fey bazen bir sigarayla, merakla ya da yaln\u0131zl\u0131kla ba\u015flayabiliyor. Ancak ba\u011f\u0131ml\u0131l\u0131k zamanla insan\u0131n iradesini elinden al\u0131yor. Sizler hi\u00e7bir zaman yaln\u0131z de\u011filsiniz. Ye\u015filay, 106 y\u0131ld\u0131r bu topluma hizmet etmeye ve ba\u011f\u0131ml\u0131l\u0131kla m\u00fccadelede insanlar\u0131n yan\u0131nda olmaya devam ediyor&#8221; dedi.<\/p>\n<p>&#8220;Ba\u011f\u0131ml\u0131l\u0131kla m\u00fccadelede gen\u00e7lerin yan\u0131nday\u0131z&#8221;<br \/>\n<br \/>\u0130ftar program\u0131nda konu\u015fan K\u0131y\u0131 Ege Belediyeler Birli\u011fi ve Mu\u011fla B\u00fcy\u00fck\u015fehir Belediye Ba\u015fkan\u0131 Ahmet Aras, Ye\u015filay ve K\u0131z\u0131lay\u2019\u0131n T\u00fcrkiye\u2019nin k\u00f6kl\u00fc ve \u00f6nemli kurumlar\u0131ndan biri oldu\u011funu vurgulayarak &#8220;K\u0131z\u0131lay ve Ye\u015filay, Ata miras\u0131 kurumlar\u0131m\u0131zd\u0131r ve bu kurumlara sahip \u00e7\u0131kmam\u0131z gerekir. K\u0131z\u0131lay, d\u00fcnyan\u0131n bir\u00e7ok yerinde mazlum milletlerin yan\u0131nda olmu\u015ftur. Bu iki k\u0131ymetli kuruma sahip \u00e7\u0131kmak hepimizin sorumlulu\u011fudur. Son g\u00fcnlerde ya\u015fanan sava\u015flar da g\u00f6steriyor ki T\u00fcrk milleti her zaman mazlum milletlerin yan\u0131nda yer almaktad\u0131r. Gerekti\u011finde bu millet i\u00e7in can\u0131m\u0131z\u0131 ortaya koyacak bir anlay\u0131\u015fa sahibiz. T\u00fcrkiye Cumhuriyeti\u2019nin kurum ve kurulu\u015flar\u0131yla g\u00fc\u00e7l\u00fc olmas\u0131 gerekiyor. T\u00fcrk milleti, d\u00fcnyadaki mazlum milletlere her zaman destek olacak ve onlara kucak a\u00e7acakt\u0131r&#8221; \u015feklinde konu\u015ftu.<\/p>\n<p>Ba\u011f\u0131ml\u0131l\u0131kla m\u00fccadeleye de de\u011finen Ba\u015fkan Aras, gen\u00e7lerin yan\u0131nda olmaya devam edeceklerini belirterek &#8220;Ba\u011f\u0131ml\u0131l\u0131kla m\u00fccadelede vatanda\u015flar\u0131m\u0131z\u0131n yan\u0131nday\u0131z. Spor ve sanat alan\u0131ndaki \u00e7al\u0131\u015fmalarla gen\u00e7lerimize destek olmaya devam edece\u011fiz. Gen\u00e7lerin daha aktif olmas\u0131 i\u00e7in Gen\u00e7lik Meclisi\u2019ni kurduk. Bu meclis hi\u00e7bir ideolojiye ba\u011fl\u0131 de\u011fildir. T\u00fcrkiye\u2019de ilk kez bir b\u00fcy\u00fck\u015fehir belediyesi olarak Ye\u015filay ile bir protokol imzalad\u0131k. Bu protokol kapsam\u0131nda otob\u00fcslerde ve faturalar\u0131m\u0131zda Ye\u015filay\u2019\u0131n YEDAM destek hatt\u0131 numaras\u0131na yer veriyoruz. B\u00f6ylece ba\u011f\u0131ml\u0131l\u0131kla m\u00fccadele konusunda daha fazla haneye ula\u015fmay\u0131 ama\u00e7l\u0131yoruz&#8221; dedi.<br \/><\/p>\n","protected":false},"excerpt":{"rendered":"<p>Mu\u011fla B\u00fcy\u00fck\u015fehir Belediyesi ile Ye\u015filay\u2019\u0131n ortakla\u015fa d\u00fczenledi\u011fi iftar yeme\u011fi program\u0131 ger\u00e7ekle\u015ftirildi. 1-7 Mart Ye\u015filay Haftas\u0131 kapsam\u0131nda d\u00fczenlenen programda ba\u011f\u0131ml\u0131l\u0131kla m\u00fccadele, gen\u00e7lerin dayan\u0131\u015fmas\u0131 ve toplumsal fark\u0131ndal\u0131\u011f\u0131n g\u00fc\u00e7lendirilmesi konular\u0131 \u00f6ne \u00e7\u0131kt\u0131. Mu\u011fla B\u00fcy\u00fck\u015fehir Belediye Ba\u015fkan\u0131 Ahmet Aras programda yapt\u0131\u011f\u0131 konu\u015fmada, &#8220;Ba\u011f\u0131ml\u0131l\u0131kla m\u00fccadelede gen\u00e7lerin yan\u0131nday\u0131z&#8221; dedi. Mu\u011fla B\u00fcy\u00fck\u015fehir Belediyesi ile Ye\u015filay, 1-7 Mart Ye\u015filay Haftas\u0131 kapsam\u0131nda gen\u00e7lerle iftar&#8230;<\/p>\n","protected":false},"author":1,"featured_media":91841,"comment_status":"open","ping_status":"open","sticky":false,"template":"","format":"standard","meta":{"_crdt_document":"","footnotes":""},"categories":[1],"tags":[],"class_list":["post-91840","post","type-post","status-publish","format-standard","has-post-thumbnail","hentry","category-guncel"],"_links":{"self":[{"href":"https:\/\/www.egemtv.com\/index.php?rest_route=\/wp\/v2\/posts\/91840","targetHints":{"allow":["GET"]}}],"collection":[{"href":"https:\/\/www.egemtv.com\/index.php?rest_route=\/wp\/v2\/posts"}],"about":[{"href":"https:\/\/www.egemtv.com\/index.php?rest_route=\/wp\/v2\/types\/post"}],"author":[{"embeddable":true,"href":"https:\/\/www.egemtv.com\/index.php?rest_route=\/wp\/v2\/users\/1"}],"replies":[{"embeddable":true,"href":"https:\/\/www.egemtv.com\/index.php?rest_route=%2Fwp%2Fv2%2Fcomments&post=91840"}],"version-history":[{"count":1,"href":"https:\/\/www.egemtv.com\/index.php?rest_route=\/wp\/v2\/posts\/91840\/revisions"}],"predecessor-version":[{"id":91842,"href":"https:\/\/www.egemtv.com\/index.php?rest_route=\/wp\/v2\/posts\/91840\/revisions\/91842"}],"wp:featuredmedia":[{"embeddable":true,"href":"https:\/\/www.egemtv.com\/index.php?rest_route=\/wp\/v2\/media\/91841"}],"wp:attachment":[{"href":"https:\/\/www.egemtv.com\/index.php?rest_route=%2Fwp%2Fv2%2Fmedia&parent=91840"}],"wp:term":[{"taxonomy":"category","embeddable":true,"href":"https:\/\/www.egemtv.com\/index.php?rest_route=%2Fwp%2Fv2%2Fcategories&post=91840"},{"taxonomy":"post_tag","embeddable":true,"href":"https:\/\/www.egemtv.com\/index.php?rest_route=%2Fwp%2Fv2%2Ftags&post=91840"}],"curies":[{"name":"wp","href":"https:\/\/api.w.org\/{rel}","templated":true}]}}