{"id":91837,"date":"2026-03-04T15:15:03","date_gmt":"2026-03-04T12:15:03","guid":{"rendered":"https:\/\/www.egemtv.com\/?p=91837"},"modified":"2026-03-04T15:15:04","modified_gmt":"2026-03-04T12:15:04","slug":"baskan-cercioglu-agiz-ve-dis-sagligi-poliklinigini-aydina-kazandirdi","status":"publish","type":"post","link":"https:\/\/www.egemtv.com\/?p=91837","title":{"rendered":"Ba\u015fkan \u00c7er\u00e7io\u011flu, A\u011f\u0131z ve Di\u015f Sa\u011fl\u0131\u011f\u0131 Poliklini\u011fi\u2019ni Ayd\u0131n\u2019a kazand\u0131rd\u0131"},"content":{"rendered":"<p>Ayd\u0131n B\u00fcy\u00fck\u015fehir Belediye Ba\u015fkan\u0131 \u00d6zlem \u00c7er\u00e7io\u011flu taraf\u0131ndan Ayd\u0131n\u2019a kazand\u0131r\u0131lan Ayd\u0131n A\u011f\u0131z ve Di\u015f Sa\u011fl\u0131\u011f\u0131 Poliklini\u011fi hizmet vermeye ba\u015flad\u0131. Nazilli\u2019nin ard\u0131ndan Ayd\u0131n kent merkezine de kazand\u0131r\u0131lan poliklinik, ilk g\u00fcnden vatanda\u015flar\u0131n yo\u011fun ilgisiyle kar\u015f\u0131la\u015ft\u0131.<\/p>\n<p>Ayd\u0131n B\u00fcy\u00fck\u015fehir Belediyesi taraf\u0131ndan tamamen \u00fccretsiz olarak hizmete a\u00e7\u0131lan Ayd\u0131n A\u011f\u0131z ve Di\u015f Sa\u011fl\u0131\u011f\u0131 Poliklini\u011fi; modern yap\u0131s\u0131, \u00e7a\u011fda\u015f t\u0131bbi donan\u0131m\u0131 ve uzman kadrosu ile kent merkezinde hizmet sunmaya ba\u015flad\u0131.<br \/>\n<br \/>Kemer Mahallesi 1757 Sokak\u2019ta bulunan Atat\u00fcrk Spor Kompleksi\u2019nde hizmet vermeye ba\u015flayan poliklinikte, a\u011f\u0131z ve di\u015f sa\u011fl\u0131\u011f\u0131 alan\u0131nda kapsaml\u0131 hizmetler sunuluyor. Hizmete a\u00e7\u0131ld\u0131\u011f\u0131 ilk g\u00fcn\u00fcnde, sabah\u0131n erken saatlerinden itibaren randevu olu\u015fturan ve ba\u015fvuruda bulunan vatanda\u015flar, sunulan hizmetten duyduklar\u0131 memnuniyeti dile getirdi.<\/p>\n<p>Ayd\u0131n\u2019\u0131n d\u00f6rt bir yan\u0131nda yat\u0131r\u0131mlar\u0131n artarak devam edece\u011fini belirten Ba\u015fkan \u00c7er\u00e7io\u011flu, &#8220;Nazilli\u2019nin ard\u0131ndan Ayd\u0131n merkezde de A\u011f\u0131z ve Di\u015f Sa\u011fl\u0131\u011f\u0131 Poliklini\u011fimizi hem\u015fehrilerimizin hizmetine sunduk, kentimize hay\u0131rl\u0131 olmas\u0131n\u0131 diliyorum. Ayd\u0131n\u0131m\u0131z i\u00e7in \u00fcretmeye, yat\u0131r\u0131mlar\u0131m\u0131z\u0131 vatanda\u015flar\u0131m\u0131zla bulu\u015fturmaya devam edece\u011fiz&#8221; ifadelerini kulland\u0131.<\/p>\n<p>Ayd\u0131n A\u011f\u0131z ve Di\u015f Sa\u011fl\u0131\u011f\u0131 Poliklini\u011fi ile ilgili detayl\u0131 bilgi ve randevu almak isteyen vatanda\u015flar 0256 502 40 01 numaral\u0131 telefon \u00fczerinden ileti\u015fime ge\u00e7ebiliyor.<br \/><\/p>\n","protected":false},"excerpt":{"rendered":"<p>Ayd\u0131n B\u00fcy\u00fck\u015fehir Belediye Ba\u015fkan\u0131 \u00d6zlem \u00c7er\u00e7io\u011flu taraf\u0131ndan Ayd\u0131n\u2019a kazand\u0131r\u0131lan Ayd\u0131n A\u011f\u0131z ve Di\u015f Sa\u011fl\u0131\u011f\u0131 Poliklini\u011fi hizmet vermeye ba\u015flad\u0131. Nazilli\u2019nin ard\u0131ndan Ayd\u0131n kent merkezine de kazand\u0131r\u0131lan poliklinik, ilk g\u00fcnden vatanda\u015flar\u0131n yo\u011fun ilgisiyle kar\u015f\u0131la\u015ft\u0131. Ayd\u0131n B\u00fcy\u00fck\u015fehir Belediyesi taraf\u0131ndan tamamen \u00fccretsiz olarak hizmete a\u00e7\u0131lan Ayd\u0131n A\u011f\u0131z ve Di\u015f Sa\u011fl\u0131\u011f\u0131 Poliklini\u011fi; modern yap\u0131s\u0131, \u00e7a\u011fda\u015f t\u0131bbi donan\u0131m\u0131 ve uzman kadrosu&#8230;<\/p>\n","protected":false},"author":1,"featured_media":91838,"comment_status":"open","ping_status":"open","sticky":false,"template":"","format":"standard","meta":{"_crdt_document":"","footnotes":""},"categories":[2],"tags":[],"class_list":["post-91837","post","type-post","status-publish","format-standard","has-post-thumbnail","hentry","category-saglik"],"_links":{"self":[{"href":"https:\/\/www.egemtv.com\/index.php?rest_route=\/wp\/v2\/posts\/91837","targetHints":{"allow":["GET"]}}],"collection":[{"href":"https:\/\/www.egemtv.com\/index.php?rest_route=\/wp\/v2\/posts"}],"about":[{"href":"https:\/\/www.egemtv.com\/index.php?rest_route=\/wp\/v2\/types\/post"}],"author":[{"embeddable":true,"href":"https:\/\/www.egemtv.com\/index.php?rest_route=\/wp\/v2\/users\/1"}],"replies":[{"embeddable":true,"href":"https:\/\/www.egemtv.com\/index.php?rest_route=%2Fwp%2Fv2%2Fcomments&post=91837"}],"version-history":[{"count":1,"href":"https:\/\/www.egemtv.com\/index.php?rest_route=\/wp\/v2\/posts\/91837\/revisions"}],"predecessor-version":[{"id":91839,"href":"https:\/\/www.egemtv.com\/index.php?rest_route=\/wp\/v2\/posts\/91837\/revisions\/91839"}],"wp:featuredmedia":[{"embeddable":true,"href":"https:\/\/www.egemtv.com\/index.php?rest_route=\/wp\/v2\/media\/91838"}],"wp:attachment":[{"href":"https:\/\/www.egemtv.com\/index.php?rest_route=%2Fwp%2Fv2%2Fmedia&parent=91837"}],"wp:term":[{"taxonomy":"category","embeddable":true,"href":"https:\/\/www.egemtv.com\/index.php?rest_route=%2Fwp%2Fv2%2Fcategories&post=91837"},{"taxonomy":"post_tag","embeddable":true,"href":"https:\/\/www.egemtv.com\/index.php?rest_route=%2Fwp%2Fv2%2Ftags&post=91837"}],"curies":[{"name":"wp","href":"https:\/\/api.w.org\/{rel}","templated":true}]}}