{"id":91834,"date":"2026-03-04T15:15:00","date_gmt":"2026-03-04T12:15:00","guid":{"rendered":"https:\/\/www.egemtv.com\/?p=91834"},"modified":"2026-03-04T15:15:02","modified_gmt":"2026-03-04T12:15:02","slug":"turkiye-kupasinda-aliaga-fknin-konugu-genclerbirligi","status":"publish","type":"post","link":"https:\/\/www.egemtv.com\/?p=91834","title":{"rendered":"T\u00fcrkiye Kupas\u0131\u2019nda Alia\u011fa FK\u2019n\u0131n konu\u011fu Gen\u00e7lerbirli\u011fi"},"content":{"rendered":"<p>Alia\u011fa FK, Ziraat T\u00fcrkiye Kupas\u0131 B Grubu\u2019nun 4. ve son haftas\u0131nda yar\u0131n Gen\u00e7lerbirli\u011fi\u2019ni konuk edecek.<br \/>\n<br \/>Alia\u011fa FK, Ziraat T\u00fcrkiye Kupas\u0131 B Grubu 4. ve son haftas\u0131nda yar\u0131n Gen\u00e7lerbirli\u011fi ile kar\u015f\u0131 kar\u015f\u0131ya gelecek. Alia\u011fa Atat\u00fcrk Stadyumu\u2019nda oynanacak m\u00fccadele saat 20.30\u2019da ba\u015flayacak ve kar\u015f\u0131la\u015fmay\u0131 hakem Erdem Merto\u011flu y\u00f6netecek.<br \/>\n<br \/>Grupta I\u011fd\u0131r FK ile berabere kalan, S\u00fcper Lig ekipleri Samsunspor\u2019a 6-2 ve Konyaspor\u2019a 5-0 ma\u011flup olan Alia\u011fa FK, toplad\u0131\u011f\u0131 1 puanla \u00e7eyrek final \u015fans\u0131n\u0131 matematiksel olarak yitirdi.<br \/>\n<br \/>Ba\u015fkent temsilcisi Gen\u00e7lerbirli\u011fi ise Bodrum FK ve Antalyaspor\u2019u ma\u011flup ederken, Ey\u00fcpspor ile berabere kald\u0131. Grupta 7 puan toplayan k\u0131rm\u0131z\u0131-siyahl\u0131lar, \u0130zmir deplasman\u0131ndan puanla ayr\u0131lmas\u0131 halinde ad\u0131n\u0131 \u00e7eyrek finale yazd\u0131racak.<br \/>\n<br \/>Gen\u00e7lerbirli\u011fi ma\u011flup olmas\u0131 durumunda 4 puana sahip I\u011fd\u0131r FK ile Ey\u00fcpspor\u2019un puan kaybetmesini beklemesi gerekecek.<br \/>\n<br \/>\u00d6te yandan \u0130zmir temsilcisinde kaleci Ahmet Pekg\u00f6z, sakatl\u0131\u011f\u0131 nedeniyle bu kar\u015f\u0131la\u015fmada forma giyemeyecek.<br \/><\/p>\n","protected":false},"excerpt":{"rendered":"<p>Alia\u011fa FK, Ziraat T\u00fcrkiye Kupas\u0131 B Grubu\u2019nun 4. ve son haftas\u0131nda yar\u0131n Gen\u00e7lerbirli\u011fi\u2019ni konuk edecek. Alia\u011fa FK, Ziraat T\u00fcrkiye Kupas\u0131 B Grubu 4. ve son haftas\u0131nda yar\u0131n Gen\u00e7lerbirli\u011fi ile kar\u015f\u0131 kar\u015f\u0131ya gelecek. Alia\u011fa Atat\u00fcrk Stadyumu\u2019nda oynanacak m\u00fccadele saat 20.30\u2019da ba\u015flayacak ve kar\u015f\u0131la\u015fmay\u0131 hakem Erdem Merto\u011flu y\u00f6netecek. Grupta I\u011fd\u0131r FK ile berabere kalan, S\u00fcper Lig ekipleri&#8230;<\/p>\n","protected":false},"author":1,"featured_media":91835,"comment_status":"open","ping_status":"open","sticky":false,"template":"","format":"standard","meta":{"_crdt_document":"","footnotes":""},"categories":[4],"tags":[],"class_list":["post-91834","post","type-post","status-publish","format-standard","has-post-thumbnail","hentry","category-spor"],"_links":{"self":[{"href":"https:\/\/www.egemtv.com\/index.php?rest_route=\/wp\/v2\/posts\/91834","targetHints":{"allow":["GET"]}}],"collection":[{"href":"https:\/\/www.egemtv.com\/index.php?rest_route=\/wp\/v2\/posts"}],"about":[{"href":"https:\/\/www.egemtv.com\/index.php?rest_route=\/wp\/v2\/types\/post"}],"author":[{"embeddable":true,"href":"https:\/\/www.egemtv.com\/index.php?rest_route=\/wp\/v2\/users\/1"}],"replies":[{"embeddable":true,"href":"https:\/\/www.egemtv.com\/index.php?rest_route=%2Fwp%2Fv2%2Fcomments&post=91834"}],"version-history":[{"count":1,"href":"https:\/\/www.egemtv.com\/index.php?rest_route=\/wp\/v2\/posts\/91834\/revisions"}],"predecessor-version":[{"id":91836,"href":"https:\/\/www.egemtv.com\/index.php?rest_route=\/wp\/v2\/posts\/91834\/revisions\/91836"}],"wp:featuredmedia":[{"embeddable":true,"href":"https:\/\/www.egemtv.com\/index.php?rest_route=\/wp\/v2\/media\/91835"}],"wp:attachment":[{"href":"https:\/\/www.egemtv.com\/index.php?rest_route=%2Fwp%2Fv2%2Fmedia&parent=91834"}],"wp:term":[{"taxonomy":"category","embeddable":true,"href":"https:\/\/www.egemtv.com\/index.php?rest_route=%2Fwp%2Fv2%2Fcategories&post=91834"},{"taxonomy":"post_tag","embeddable":true,"href":"https:\/\/www.egemtv.com\/index.php?rest_route=%2Fwp%2Fv2%2Ftags&post=91834"}],"curies":[{"name":"wp","href":"https:\/\/api.w.org\/{rel}","templated":true}]}}