{"id":91831,"date":"2026-03-04T15:14:58","date_gmt":"2026-03-04T12:14:58","guid":{"rendered":"https:\/\/www.egemtv.com\/?p=91831"},"modified":"2026-03-04T15:15:00","modified_gmt":"2026-03-04T12:15:00","slug":"takim-arkadaslarini-koli-bandiyla-baglayip-sirkeyle-yikadilar","status":"publish","type":"post","link":"https:\/\/www.egemtv.com\/?p=91831","title":{"rendered":"Tak\u0131m arkada\u015flar\u0131n\u0131 koli band\u0131yla ba\u011flay\u0131p sirkeyle y\u0131kad\u0131lar"},"content":{"rendered":"<p>Manisa\u2019n\u0131n G\u00f6rdes il\u00e7esinde Amat\u00f6r Lig\u2019de m\u00fccadele eden G\u00f6rdes Alt\u0131nta\u015f Spor Kul\u00fcb\u00fc futbolcular\u0131, tak\u0131m arkada\u015flar\u0131 Mehmet \u0130nce\u2019ye antrenman sonras\u0131nda ilgin\u00e7 bir do\u011fum g\u00fcn\u00fc s\u00fcrprizi yapt\u0131. Futbolcular, antrenman sahas\u0131nda kollar\u0131n\u0131 koli band\u0131yla ba\u011flay\u0131p yere yat\u0131rd\u0131klar\u0131 \u0130nce\u2019nin ba\u015f\u0131ndan a\u015fa\u011f\u0131 \u00f6nce pasta bo\u015falt\u0131p, ard\u0131ndan yumurta k\u0131rarak sirke ile y\u0131kad\u0131.<br \/>\n<br \/>G\u00f6rdes Alt\u0131nta\u015f Spor Kul\u00fcb\u00fc futbolcular\u0131, tak\u0131m arkada\u015flar\u0131 Mehmet \u0130nce\u2019ye ilgin\u00e7 bir do\u011fum g\u00fcn\u00fc s\u00fcrprizi haz\u0131rlad\u0131. Antrenman bitiminde \u0130nce\u2019nin etraf\u0131nda \u00e7ember olu\u015fturan futbolcular, \u00f6nce arkada\u015flar\u0131n\u0131n kollar\u0131n\u0131 koli band\u0131yla bantlad\u0131. Yere yat\u0131r\u0131lan \u0130nce\u2019nin ba\u015f\u0131na pasta bo\u015faltan tak\u0131m arkada\u015flar\u0131, ard\u0131ndan \u00fczerinde yumurta k\u0131r\u0131p sirke ile y\u0131kad\u0131. Renkli anlar\u0131n ya\u015fand\u0131\u011f\u0131 bu kutlaman\u0131n, futbolcular aras\u0131nda bir gelene\u011fe d\u00f6n\u00fc\u015ft\u00fcr\u00fcld\u00fc\u011f\u00fc \u00f6\u011frenildi.<br \/>\n<br \/>Antren\u00f6r Aziz Alt\u0131nta\u015f da futbolcular aras\u0131ndaki bu t\u00fcr \u015fakala\u015fmalar\u0131n birlik beraberlik ve tak\u0131m ruhunu peki\u015ftirme anlam\u0131nda \u00f6nemli oldu\u011funu vurgulad\u0131. Alt\u0131nta\u015f, ama\u00e7lar\u0131n\u0131n gen\u00e7leri k\u00f6t\u00fc al\u0131\u015fkanl\u0131klardan uzak tutarak sporu bir ya\u015fam bi\u00e7imi haline getirmek oldu\u011funu ifade etti.<br \/>\n<br \/>Kul\u00fcp y\u00f6neticilerinden Mehmet \u00c7elik de do\u011fum g\u00fcn\u00fc s\u00fcrprizinin d\u0131\u015far\u0131dan bak\u0131ld\u0131\u011f\u0131nda farkl\u0131 anlamlar \u00e7\u0131kar\u0131labilece\u011fini ancak futbolcular\u0131n kendi aralar\u0131nda bu t\u00fcr kutlamalar\u0131 gelenek haline getirdiklerini belirtti.<br \/><\/p>\n","protected":false},"excerpt":{"rendered":"<p>Manisa\u2019n\u0131n G\u00f6rdes il\u00e7esinde Amat\u00f6r Lig\u2019de m\u00fccadele eden G\u00f6rdes Alt\u0131nta\u015f Spor Kul\u00fcb\u00fc futbolcular\u0131, tak\u0131m arkada\u015flar\u0131 Mehmet \u0130nce\u2019ye antrenman sonras\u0131nda ilgin\u00e7 bir do\u011fum g\u00fcn\u00fc s\u00fcrprizi yapt\u0131. Futbolcular, antrenman sahas\u0131nda kollar\u0131n\u0131 koli band\u0131yla ba\u011flay\u0131p yere yat\u0131rd\u0131klar\u0131 \u0130nce\u2019nin ba\u015f\u0131ndan a\u015fa\u011f\u0131 \u00f6nce pasta bo\u015falt\u0131p, ard\u0131ndan yumurta k\u0131rarak sirke ile y\u0131kad\u0131. G\u00f6rdes Alt\u0131nta\u015f Spor Kul\u00fcb\u00fc futbolcular\u0131, tak\u0131m arkada\u015flar\u0131 Mehmet \u0130nce\u2019ye ilgin\u00e7&#8230;<\/p>\n","protected":false},"author":1,"featured_media":91832,"comment_status":"open","ping_status":"open","sticky":false,"template":"","format":"standard","meta":{"_crdt_document":"","footnotes":""},"categories":[4],"tags":[],"class_list":["post-91831","post","type-post","status-publish","format-standard","has-post-thumbnail","hentry","category-spor"],"_links":{"self":[{"href":"https:\/\/www.egemtv.com\/index.php?rest_route=\/wp\/v2\/posts\/91831","targetHints":{"allow":["GET"]}}],"collection":[{"href":"https:\/\/www.egemtv.com\/index.php?rest_route=\/wp\/v2\/posts"}],"about":[{"href":"https:\/\/www.egemtv.com\/index.php?rest_route=\/wp\/v2\/types\/post"}],"author":[{"embeddable":true,"href":"https:\/\/www.egemtv.com\/index.php?rest_route=\/wp\/v2\/users\/1"}],"replies":[{"embeddable":true,"href":"https:\/\/www.egemtv.com\/index.php?rest_route=%2Fwp%2Fv2%2Fcomments&post=91831"}],"version-history":[{"count":1,"href":"https:\/\/www.egemtv.com\/index.php?rest_route=\/wp\/v2\/posts\/91831\/revisions"}],"predecessor-version":[{"id":91833,"href":"https:\/\/www.egemtv.com\/index.php?rest_route=\/wp\/v2\/posts\/91831\/revisions\/91833"}],"wp:featuredmedia":[{"embeddable":true,"href":"https:\/\/www.egemtv.com\/index.php?rest_route=\/wp\/v2\/media\/91832"}],"wp:attachment":[{"href":"https:\/\/www.egemtv.com\/index.php?rest_route=%2Fwp%2Fv2%2Fmedia&parent=91831"}],"wp:term":[{"taxonomy":"category","embeddable":true,"href":"https:\/\/www.egemtv.com\/index.php?rest_route=%2Fwp%2Fv2%2Fcategories&post=91831"},{"taxonomy":"post_tag","embeddable":true,"href":"https:\/\/www.egemtv.com\/index.php?rest_route=%2Fwp%2Fv2%2Ftags&post=91831"}],"curies":[{"name":"wp","href":"https:\/\/api.w.org\/{rel}","templated":true}]}}