{"id":91828,"date":"2026-03-04T15:14:56","date_gmt":"2026-03-04T12:14:56","guid":{"rendered":"https:\/\/www.egemtv.com\/?p=91828"},"modified":"2026-03-04T15:14:58","modified_gmt":"2026-03-04T12:14:58","slug":"mhpli-erkan-akcay-soma-termik-santrali-bir-an-once-yeniden-uretime-baslamali","status":"publish","type":"post","link":"https:\/\/www.egemtv.com\/?p=91828","title":{"rendered":"MHP\u2019li Erkan Ak\u00e7ay: &#8220;Soma Termik Santrali bir an \u00f6nce yeniden \u00fcretime ba\u015flamal\u0131&#8221;"},"content":{"rendered":"<p>Milliyet\u00e7i Hareket Partisi Manisa Milletvekili ve Grup Ba\u015fkanvekili Erkan Ak\u00e7ay, &#8220;Soma Termik Santrali\u2019nin faaliyetlerinin durdurulmas\u0131 yaln\u0131zca enerji \u00fcretimini de\u011fil, Soma\u2019n\u0131n ekonomisini, istihdam\u0131n\u0131 ve sosyal dengesini de do\u011frudan etkilemektedir. Belirsizlikler bir an \u00f6nce giderilmeli ve santral yeniden \u00fcretime ba\u015flamal\u0131d\u0131r&#8221; dedi.<br \/>\n<br \/>MHP\u2019li Erkan Ak\u00e7ay, TBMM Genel Kurulu\u2019nda yapt\u0131\u011f\u0131 konu\u015fmada Soma Termik Santrali\u2019nin faaliyetlerini durdurmas\u0131n\u0131n b\u00f6lge ekonomisi ve istihdam a\u00e7\u0131s\u0131ndan ciddi sonu\u00e7lar do\u011furdu\u011funu belirterek santralin yeniden \u00fcretime ba\u015flamas\u0131 gerekti\u011fini s\u00f6yledi. Ak\u00e7ay, &#8220;Manisa Soma Termik Santrali k\u00f6m\u00fcr temini garantisi, tam kapasiteyle \u00e7al\u0131\u015ft\u0131rma, rehabilitasyon yap\u0131lmas\u0131 ve temiz baca filtresi tak\u0131lmas\u0131 \u015fart\u0131yla 2015 y\u0131l\u0131nda 685,5 milyon dolar kar\u015f\u0131l\u0131\u011f\u0131 \u00f6zelle\u015ftirilerek Torku \u015firketine verilmi\u015ftir. Torku \u015eeker, \u00f6zelle\u015ftirme sonras\u0131nda s\u00f6zle\u015fmede yer alan y\u00fck\u00fcml\u00fcl\u00fcklerini yerine getirmemi\u015f, \u00e7e\u015fitli sebepler g\u00f6sterilerek termik santrali tam kapasiteyle \u00e7al\u0131\u015ft\u0131rmam\u0131\u015f, bu nedenle elektrik \u00fcretiminde aksamalar ya\u015fanm\u0131\u015ft\u0131r. Rehabilitasyon ve yenilemeler yap\u0131lmam\u0131\u015f, \u00e7al\u0131\u015fan say\u0131s\u0131 azalt\u0131lm\u0131\u015f, \u00e7al\u0131\u015fma \u015fartlar\u0131n\u0131 zorla\u015ft\u0131rm\u0131\u015f, baca gaz\u0131 filtresini takmayarak \u00e7evre ve halk sa\u011fl\u0131\u011f\u0131n\u0131 tehdit etmi\u015ftir. K\u00f6m\u00fcr verme garantili oldu\u011fu i\u00e7in T\u00fcrkiye K\u00f6m\u00fcr \u0130\u015fletmeleri termik santrale k\u00f6m\u00fcr vermi\u015ftir ancak verdi\u011fi k\u00f6m\u00fcrlerin paras\u0131n\u0131 bu \u015firket \u00f6dememi\u015ftir. Soma Termik Santralinin T\u00fcrkiye K\u00f6m\u00fcr \u0130\u015fletmelerine k\u00f6m\u00fcr borcu 18 milyar liray\u0131 ge\u00e7mi\u015ftir. Soma Termik Santrali 17 \u015eubat 2026\u2019da faaliyetlerini durdurmu\u015ftur&#8221; dedi.<br \/>\n<br \/>Tam kapasiteyle \u00e7al\u0131\u015ft\u0131r\u0131lmayan termik santralden firmalar\u0131n alacaklar\u0131n\u0131 tahsil edemedi\u011fine de\u011finen Ak\u00e7ay, &#8220;Termik santral tam kapasiteyle \u00e7al\u0131\u015ft\u0131r\u0131lmad\u0131\u011f\u0131 i\u00e7in \u00f6zel maden firmalar\u0131 \u00fcrettikleri k\u00f6m\u00fcrleri satamam\u0131\u015f, satt\u0131klar\u0131n\u0131n paras\u0131n\u0131 alamam\u0131\u015ft\u0131r. \u00c7al\u0131\u015fanlar\u0131n\u0131n \u00fccretlerini \u00f6demekte zorluk \u00e7eken maden firmalar\u0131 \u00fcretimi d\u00fc\u015f\u00fcrm\u00fc\u015f, i\u015f\u00e7i \u00e7\u0131karmaya ba\u015flam\u0131\u015ft\u0131r. Termik santralin faaliyetlerine son vermesiyle birlikte s\u0131k\u0131nt\u0131lar daha da artm\u0131\u015f, madenciler i\u015f b\u0131rakma eylemine ba\u015flam\u0131\u015ft\u0131r. Ge\u00e7en hafta Soma\u2019daki siyasi partilerin ve sivil toplum kurulu\u015flar\u0131n\u0131n ba\u015fkanlar\u0131ndan olu\u015fan heyet T\u00fcrkiye B\u00fcy\u00fck Millet Meclisindeki siyasi parti gruplar\u0131n\u0131 ziyaret etti. Ancak \u00e7\u00f6z\u00fcm sa\u011flanamad\u0131\u011f\u0131 i\u00e7in bug\u00fcn madenciler, STK\u2019ler, esnaflar ve vatanda\u015flar\u0131n kat\u0131l\u0131m\u0131yla Soma\u2019da bir y\u00fcr\u00fcy\u00fc\u015f yap\u0131lm\u0131\u015ft\u0131r. Soma Termik Santrali Soma\u2019n\u0131n ekonomik, sosyal ve istihdam yap\u0131s\u0131n\u0131n temel ta\u015f\u0131, do\u011frudan ve dolayl\u0131 olarak on binlerce vatanda\u015f\u0131m\u0131z\u0131n ge\u00e7im kayna\u011f\u0131d\u0131r. Soma\u2019n\u0131n ticaret hacmi, k\u00fc\u00e7\u00fck ve orta \u00f6l\u00e7ekli i\u015fletmeleri ile hizmet sekt\u00f6r\u00fc b\u00fcy\u00fck \u00f6l\u00e7\u00fcde santral ve ona ba\u011fl\u0131 faaliyetlerle \u015fekillenmi\u015ftir. Soma Termik Santrali\u2019nin faaliyetlerinin durdurulmas\u0131 sadece enerji \u00fcretimini de\u011fil, Soma\u2019n\u0131n ekonomisini, istihdam\u0131n\u0131 ve sosyal dengesini de yakinen ilgilendirmektedir. Termik santralin faaliyetine son vermesiyle birlikte burada \u00e7al\u0131\u015fan bin 230 i\u015f\u00e7i, yer alt\u0131nda \u00e7al\u0131\u015fan 13 bin madencimiz i\u015fsiz kalma tehlikesiyle kar\u015f\u0131 kar\u015f\u0131yad\u0131r. Madencilik sekt\u00f6r\u00fcne hizmet veren esnaflar, k\u00f6m\u00fcr nakliyesi yapan binin \u00fczerindeki nakliyeci esnaf a\u00e7\u0131s\u0131ndan \u00f6nemli bir istihdam sorunu ya\u015fanacak, santralden \u0131s\u0131nan yakla\u015f\u0131k 12 bin aile s\u0131k\u0131nt\u0131 ya\u015fayacakt\u0131r. Santralin kapanmas\u0131yla, madencili\u011fin durmas\u0131yla, binlerce madencinin i\u015fsiz kalmas\u0131yla birlikte yerel t\u00fcketim d\u00fc\u015fecek ve b\u00fct\u00fcn kesimleri, sekt\u00f6rleri de olumsuz etkileyecektir. B\u00fct\u00fcn bu gerek\u00e7elerle Soma Termik Santrali\u2019ne ili\u015fkin belirsizlikler bir an \u00f6nce giderilmeli, termik santral bir an \u00f6nce \u00fcretime ba\u015flamal\u0131d\u0131r&#8221; diye konu\u015ftu.<br \/><\/p>\n","protected":false},"excerpt":{"rendered":"<p>Milliyet\u00e7i Hareket Partisi Manisa Milletvekili ve Grup Ba\u015fkanvekili Erkan Ak\u00e7ay, &#8220;Soma Termik Santrali\u2019nin faaliyetlerinin durdurulmas\u0131 yaln\u0131zca enerji \u00fcretimini de\u011fil, Soma\u2019n\u0131n ekonomisini, istihdam\u0131n\u0131 ve sosyal dengesini de do\u011frudan etkilemektedir. Belirsizlikler bir an \u00f6nce giderilmeli ve santral yeniden \u00fcretime ba\u015flamal\u0131d\u0131r&#8221; dedi. MHP\u2019li Erkan Ak\u00e7ay, TBMM Genel Kurulu\u2019nda yapt\u0131\u011f\u0131 konu\u015fmada Soma Termik Santrali\u2019nin faaliyetlerini durdurmas\u0131n\u0131n b\u00f6lge ekonomisi ve&#8230;<\/p>\n","protected":false},"author":1,"featured_media":91829,"comment_status":"open","ping_status":"open","sticky":false,"template":"","format":"standard","meta":{"_crdt_document":"","footnotes":""},"categories":[127],"tags":[],"class_list":["post-91828","post","type-post","status-publish","format-standard","has-post-thumbnail","hentry","category-siyaset"],"_links":{"self":[{"href":"https:\/\/www.egemtv.com\/index.php?rest_route=\/wp\/v2\/posts\/91828","targetHints":{"allow":["GET"]}}],"collection":[{"href":"https:\/\/www.egemtv.com\/index.php?rest_route=\/wp\/v2\/posts"}],"about":[{"href":"https:\/\/www.egemtv.com\/index.php?rest_route=\/wp\/v2\/types\/post"}],"author":[{"embeddable":true,"href":"https:\/\/www.egemtv.com\/index.php?rest_route=\/wp\/v2\/users\/1"}],"replies":[{"embeddable":true,"href":"https:\/\/www.egemtv.com\/index.php?rest_route=%2Fwp%2Fv2%2Fcomments&post=91828"}],"version-history":[{"count":1,"href":"https:\/\/www.egemtv.com\/index.php?rest_route=\/wp\/v2\/posts\/91828\/revisions"}],"predecessor-version":[{"id":91830,"href":"https:\/\/www.egemtv.com\/index.php?rest_route=\/wp\/v2\/posts\/91828\/revisions\/91830"}],"wp:featuredmedia":[{"embeddable":true,"href":"https:\/\/www.egemtv.com\/index.php?rest_route=\/wp\/v2\/media\/91829"}],"wp:attachment":[{"href":"https:\/\/www.egemtv.com\/index.php?rest_route=%2Fwp%2Fv2%2Fmedia&parent=91828"}],"wp:term":[{"taxonomy":"category","embeddable":true,"href":"https:\/\/www.egemtv.com\/index.php?rest_route=%2Fwp%2Fv2%2Fcategories&post=91828"},{"taxonomy":"post_tag","embeddable":true,"href":"https:\/\/www.egemtv.com\/index.php?rest_route=%2Fwp%2Fv2%2Ftags&post=91828"}],"curies":[{"name":"wp","href":"https:\/\/api.w.org\/{rel}","templated":true}]}}